{"id":5842,"count":1,"description":"","link":"https:\/\/radiocresatelital.com\/?tag=ecuadorcolombia-energiarenovable-cooperacionenergetica-integracionregional","name":"EcuadorColombia #Energ\u00edaRenovable #Cooperaci\u00f3nEnerg\u00e9tica #Integraci\u00f3nRegional","slug":"ecuadorcolombia-energiarenovable-cooperacionenergetica-integracionregional","taxonomy":"post_tag","meta":[],"_links":{"self":[{"href":"https:\/\/radiocresatelital.com\/index.php?rest_route=\/wp\/v2\/tags\/5842","targetHints":{"allow":["GET"]}}],"collection":[{"href":"https:\/\/radiocresatelital.com\/index.php?rest_route=\/wp\/v2\/tags"}],"about":[{"href":"https:\/\/radiocresatelital.com\/index.php?rest_route=\/wp\/v2\/taxonomies\/post_tag"}],"wp:post_type":[{"href":"https:\/\/radiocresatelital.com\/index.php?rest_route=%2Fwp%2Fv2%2Fposts&tags=5842"}],"curies":[{"name":"wp","href":"https:\/\/api.w.org\/{rel}","templated":true}]}}