{"id":9944,"date":"2024-01-18T19:25:17","date_gmt":"2024-01-18T19:25:17","guid":{"rendered":"https:\/\/radiocresatelital.com\/?p=9944"},"modified":"2024-01-18T20:28:10","modified_gmt":"2024-01-18T20:28:10","slug":"crece-la-venta-de-electrodomesticos-en-ecuador","status":"publish","type":"post","link":"https:\/\/radiocresatelital.com\/?p=9944","title":{"rendered":"Crece la venta de electrodom\u00e9sticos en Ecuador"},"content":{"rendered":"<p>Quito.- Las empresas dedicadas al comercio de electrodom\u00e9sticos y l\u00ednea blanca en el pa\u00eds han registrado un aumento en el volumen de ventas en 2023. Seg\u00fan datos del Servicio de Rentas Internas (SRI), entre enero y septiembre del a\u00f1o en menci\u00f3n, el sector vendi\u00f3 USD 1.355 millones, lo que proyecta un crecimiento del 7 % al cierre del 2023, en relaci\u00f3n con el a\u00f1o anterior.<\/p>\n<p>De acuerdo con datos de Electrolux, l\u00edder global de electrodom\u00e9sticos, Ecuador se consolida como un mercado con alto potencial de desarrollo para este segmento. En 2023, la compa\u00f1\u00eda creci\u00f3 al mismo rito del pa\u00eds, un 7 % en volumen. Esto debido a la gran acogida que ha tenido la marca sueca de electrodom\u00e9sticos en el mercado local, lo cual se ve reflejado en el aumento de unidades vendidas en el a\u00f1o: microondas en 23 %, electrodom\u00e9sticos empotrables (como cocinas) en 30 %, peque\u00f1os electrodom\u00e9sticos (como airfryers, cafeteras y licuadoras) en 41 % y aspiradoras en 23 %.<\/p>\n<p>El lavavajillas, por su parte, es el producto que demostr\u00f3 ser el de mayor inter\u00e9s por el consumidor ecuatoriano, con un crecimiento de unidades vendidas en un 50 %. Esta \u00faltima, si bien es una categor\u00eda a\u00fan en crecimiento de los pa\u00edses de la regi\u00f3n, muestra gran potencial de desarrollo para los pr\u00f3ximos a\u00f1os.<\/p>\n<p>A escala regional, la tendencia tambi\u00e9n se muestra al alza. En Colombia, Per\u00fa y Ecuador el volumen de ventas de Electrolux aument\u00f3 en un 15 %; y, con tan solo un punto por debajo del l\u00edder, Electrolux Group se posicion\u00f3 como el segundo jugador m\u00e1s grande de la industria de tecnolog\u00edas para el hogar y cocina en Am\u00e9rica del Sur.<\/p>\n<p>Para Ana Vernaza, gerente general de Electrolux para la Regi\u00f3n Andina, 2024 se proyecta como un a\u00f1o de crecimiento e innovaci\u00f3n con enfoque en la sostenibilidad de los productos. \u201cContinuamos trabajando para dar respuesta a las necesidades del consumidor, aplicando tendencias tecnol\u00f3gicas para ofertar productos que generen experiencias positivas, velando al mismo tiempo por el cuidado del ambiente para alcanzar nuestro objetivo de reducir la huella de CO2 en un 85% para 2025\u201d.<\/p>\n<p>El 2024 propone motivar a la compra de lavadoras y secadoras, dado que, seg\u00fan un estudio de Mosaiclab Brasil, los ecuatorianos tienen una intenci\u00f3n de comprar estos artefactos en un 24 %.<\/p>\n<p>Las nuevas tendencias tecnol\u00f3gicas y, especialmente, de sostenibilidad que han aplicado las industrias dentro de sus procesos productivos, adem\u00e1s de la oferta de automatizaci\u00f3n de electrodom\u00e9sticos a trav\u00e9s de sistemas inteligentes, seguir\u00e1n ganando terrero para brindar seguridad, facilidad y confort al consumidor.<\/p>\n","protected":false},"excerpt":{"rendered":"<p>Quito.- Las empresas dedicadas al comercio de electrodom\u00e9sticos y l\u00ednea blanca en el pa\u00eds han registrado un aumento en el volumen de ventas en 2023. Seg\u00fan datos del Servicio de Rentas Internas (SRI), entre enero y septiembre del a\u00f1o en menci\u00f3n, el sector vendi\u00f3 USD 1.355 millones, lo que proyecta un crecimiento del 7 % [&hellip;]<\/p>\n","protected":false},"author":2,"featured_media":9945,"comment_status":"open","ping_status":"closed","sticky":false,"template":"","format":"standard","meta":{"_jetpack_memberships_contains_paid_content":false,"footnotes":""},"categories":[13],"tags":[1538],"class_list":["post-9944","post","type-post","status-publish","format-standard","has-post-thumbnail","hentry","category-noticias-nacionales","tag-electrolux"],"jetpack_featured_media_url":"https:\/\/radiocresatelital.com\/wp-content\/uploads\/2024\/01\/95faff48-98e0-4e93-bda5-3be417ad6285.jpeg","jetpack_sharing_enabled":true,"_links":{"self":[{"href":"https:\/\/radiocresatelital.com\/index.php?rest_route=\/wp\/v2\/posts\/9944","targetHints":{"allow":["GET"]}}],"collection":[{"href":"https:\/\/radiocresatelital.com\/index.php?rest_route=\/wp\/v2\/posts"}],"about":[{"href":"https:\/\/radiocresatelital.com\/index.php?rest_route=\/wp\/v2\/types\/post"}],"author":[{"embeddable":true,"href":"https:\/\/radiocresatelital.com\/index.php?rest_route=\/wp\/v2\/users\/2"}],"replies":[{"embeddable":true,"href":"https:\/\/radiocresatelital.com\/index.php?rest_route=%2Fwp%2Fv2%2Fcomments&post=9944"}],"version-history":[{"count":1,"href":"https:\/\/radiocresatelital.com\/index.php?rest_route=\/wp\/v2\/posts\/9944\/revisions"}],"predecessor-version":[{"id":9946,"href":"https:\/\/radiocresatelital.com\/index.php?rest_route=\/wp\/v2\/posts\/9944\/revisions\/9946"}],"wp:featuredmedia":[{"embeddable":true,"href":"https:\/\/radiocresatelital.com\/index.php?rest_route=\/wp\/v2\/media\/9945"}],"wp:attachment":[{"href":"https:\/\/radiocresatelital.com\/index.php?rest_route=%2Fwp%2Fv2%2Fmedia&parent=9944"}],"wp:term":[{"taxonomy":"category","embeddable":true,"href":"https:\/\/radiocresatelital.com\/index.php?rest_route=%2Fwp%2Fv2%2Fcategories&post=9944"},{"taxonomy":"post_tag","embeddable":true,"href":"https:\/\/radiocresatelital.com\/index.php?rest_route=%2Fwp%2Fv2%2Ftags&post=9944"}],"curies":[{"name":"wp","href":"https:\/\/api.w.org\/{rel}","templated":true}]}}