{"id":9931,"date":"2024-01-18T18:22:29","date_gmt":"2024-01-18T18:22:29","guid":{"rendered":"https:\/\/radiocresatelital.com\/?p=9931"},"modified":"2024-01-18T18:22:29","modified_gmt":"2024-01-18T18:22:29","slug":"operativos-de-control-en-centros-de-privacion-de-libertad","status":"publish","type":"post","link":"https:\/\/radiocresatelital.com\/?p=9931","title":{"rendered":"Operativos de control en centros de privaci\u00f3n de libertad"},"content":{"rendered":"<p>Quito.- Las acciones de las fuerzas del orden no se detienen. En los Centros de Privaci\u00f3n de Libertad (CPL) se ejecutan operativos para controlar el per\u00edmetro externo e interno. Este jueves 18 de enero, polic\u00edas y militares est\u00e1n interviniendo el CPL de Guayas, con la finalidad de realizar el registro de objetos prohibidos y mantener el control.<\/p>\n<p>Tambi\u00e9n, hoy la Polic\u00eda lider\u00f3 un control carcelario en el CPL El Inca, que permiti\u00f3 la incautaci\u00f3n de terminales m\u00f3viles, armas blancas y sustancias sujetas a fiscalizaci\u00f3n.<\/p>\n<p>Por otro lado, el n\u00famero de operativos en todo el pa\u00eds contin\u00faa creciendo: m\u00e1s de 23.600 se han ejecutado desde el 9 al 18 de enero, en el marco del Plan F\u00e9nix. Las labores de las Fuerzas Armadas y la Polic\u00eda Nacional arrojan los siguientes resultados:<\/p>\n<p>\uf0b7 2.174 detenidos; de ellos 158 por terrorismo<br \/>\n\uf0b7 61 operaciones contra grupos terroristas<br \/>\n\uf0b7 5 terroristas abatidos<br \/>\n\uf0b7 829 armas de fuego incautadas<br \/>\n\uf0b7 965 armas blancas incautadas<br \/>\n\uf0b7 63 alimentadoras incautadas<br \/>\n\uf0b7 15 embarcaciones aprehendidas<br \/>\n\uf0b7 17.440,3 d\u00f3lares incautados<br \/>\n\uf0b7 537 explosivos incautados<br \/>\n\uf0b7 458 veh\u00edculos recuperados<br \/>\n\uf0b7 24.367 municiones incautadas<br \/>\n\uf0b7 279 motocicletas recuperadas<br \/>\n\uf0b7 8.073 galones de combustible<br \/>\n\uf0b7 540 celulares decomisados<br \/>\n\uf0b7 6.018,9 kilogramos de droga decomisada<\/p>\n<p>Adem\u00e1s, a primeras horas de este jueves 18 de enero, el Comandante General de la Polic\u00eda Nacional, C\u00e9sar Zapata, inform\u00f3 la aprehensi\u00f3n de dos presuntos implicados en el asesinato del fiscal C\u00e9sar Su\u00e1rez en Guayaquil, tras diligencias investigativas que permitieron identificar la presunta participaci\u00f3n en el hecho criminal.<\/p>\n<p>Mientras que anoche, con un fuerte contingente policial, llegaron al pa\u00eds Daniel S. y \u00c1lvaro P. quienes fueron capturados mediante coordinaci\u00f3n internacional en Panam\u00e1, por poseer notificaci\u00f3n roja de Interpol y boleta de captura.<\/p>\n<p>Las acciones por la seguridad en el Nuevo Ecuador contin\u00faan con firmeza.<\/p>\n","protected":false},"excerpt":{"rendered":"<p>Quito.- Las acciones de las fuerzas del orden no se detienen. En los Centros de Privaci\u00f3n de Libertad (CPL) se ejecutan operativos para controlar el per\u00edmetro externo e interno. Este jueves 18 de enero, polic\u00edas y militares est\u00e1n interviniendo el CPL de Guayas, con la finalidad de realizar el registro de objetos prohibidos y mantener [&hellip;]<\/p>\n","protected":false},"author":2,"featured_media":9932,"comment_status":"open","ping_status":"closed","sticky":false,"template":"","format":"standard","meta":{"_jetpack_memberships_contains_paid_content":false,"footnotes":""},"categories":[13],"tags":[1697],"class_list":["post-9931","post","type-post","status-publish","format-standard","has-post-thumbnail","hentry","category-noticias-nacionales","tag-operativos-de-control"],"jetpack_featured_media_url":"https:\/\/radiocresatelital.com\/wp-content\/uploads\/2024\/01\/657a45de6b3ee.jpeg","jetpack_sharing_enabled":true,"_links":{"self":[{"href":"https:\/\/radiocresatelital.com\/index.php?rest_route=\/wp\/v2\/posts\/9931","targetHints":{"allow":["GET"]}}],"collection":[{"href":"https:\/\/radiocresatelital.com\/index.php?rest_route=\/wp\/v2\/posts"}],"about":[{"href":"https:\/\/radiocresatelital.com\/index.php?rest_route=\/wp\/v2\/types\/post"}],"author":[{"embeddable":true,"href":"https:\/\/radiocresatelital.com\/index.php?rest_route=\/wp\/v2\/users\/2"}],"replies":[{"embeddable":true,"href":"https:\/\/radiocresatelital.com\/index.php?rest_route=%2Fwp%2Fv2%2Fcomments&post=9931"}],"version-history":[{"count":1,"href":"https:\/\/radiocresatelital.com\/index.php?rest_route=\/wp\/v2\/posts\/9931\/revisions"}],"predecessor-version":[{"id":9933,"href":"https:\/\/radiocresatelital.com\/index.php?rest_route=\/wp\/v2\/posts\/9931\/revisions\/9933"}],"wp:featuredmedia":[{"embeddable":true,"href":"https:\/\/radiocresatelital.com\/index.php?rest_route=\/wp\/v2\/media\/9932"}],"wp:attachment":[{"href":"https:\/\/radiocresatelital.com\/index.php?rest_route=%2Fwp%2Fv2%2Fmedia&parent=9931"}],"wp:term":[{"taxonomy":"category","embeddable":true,"href":"https:\/\/radiocresatelital.com\/index.php?rest_route=%2Fwp%2Fv2%2Fcategories&post=9931"},{"taxonomy":"post_tag","embeddable":true,"href":"https:\/\/radiocresatelital.com\/index.php?rest_route=%2Fwp%2Fv2%2Ftags&post=9931"}],"curies":[{"name":"wp","href":"https:\/\/api.w.org\/{rel}","templated":true}]}}