{"id":9924,"date":"2024-01-18T16:44:50","date_gmt":"2024-01-18T16:44:50","guid":{"rendered":"https:\/\/radiocresatelital.com\/?p=9924"},"modified":"2024-01-18T16:45:03","modified_gmt":"2024-01-18T16:45:03","slug":"siguen-las-requisas-carcelarias-hoy-fue-el-inca-y-cpl-guayas","status":"publish","type":"post","link":"https:\/\/radiocresatelital.com\/?p=9924","title":{"rendered":"Siguen las requisas carcelarias, hoy fue El Inca y CPL Guayas"},"content":{"rendered":"<p>Quito.- Los bloques de seguridad de la Polic\u00eda Nacional y las Fuerezas Armadas, continuaron hoy los controles y requisas carcelarias para recuperar el total control de las c\u00e1rceles del pa\u00eds.<\/p>\n<p>Alrededor de las 5 a.m., ingresaron al Centro de Privaci\u00f3n de Libertad del Guayas y realizaron requisas que ten\u00edan como\u00a0objetivo decomisar objetos prohibidos al interior de las c\u00e1rceles, aunque extraoficialemente se conoce que adem\u00e1s intentaban recabar indicios e informaci\u00f3n relacionada con los \u00faltimos hechos violetos en la ciudad, entre esos el asesinato del fiscal C\u00e9sar Su\u00e1rez en la Ave. del Bombero en Guayaquil, suceso por el cual ya hay dos personas detenidas a quienes se les ha incautado un fusil, dos pistolas, alimentadoras y dos veh\u00edculos. Dicho fiscal llevaba casos como el de Daniel Salcedo, TC Televisi\u00f3n y habr\u00eda pedido informaci\u00f3n sobre la esposa de Fito.<\/p>\n<p>As\u00ed tambi\u00e9n esta ma\u00f1ana, se realiz\u00f3 un operativo en la c\u00e1rcel de El Inca, donde se incaut\u00f3 80 celulares, 36 armas blancas y sustancias sujetas a fiscalizaci\u00f3n.<\/p>\n<p><a href=\"https:\/\/x.com\/PoliciaEcuador\/status\/1747983507874328680?s=20\">https:\/\/x.com\/PoliciaEcuador\/status\/1747983507874328680?s=20<\/a> CPL Guayas<\/p>\n<p><a href=\"https:\/\/x.com\/PoliciaEcuador\/status\/1748002848170721747?s=20\">https:\/\/x.com\/PoliciaEcuador\/status\/1748002848170721747?s=20<\/a> C\u00e1rcel El Inca<\/p>\n<p>&nbsp;<\/p>\n","protected":false},"excerpt":{"rendered":"<p>Quito.- Los bloques de seguridad de la Polic\u00eda Nacional y las Fuerezas Armadas, continuaron hoy los controles y requisas carcelarias para recuperar el total control de las c\u00e1rceles del pa\u00eds. Alrededor de las 5 a.m., ingresaron al Centro de Privaci\u00f3n de Libertad del Guayas y realizaron requisas que ten\u00edan como\u00a0objetivo decomisar objetos prohibidos al interior [&hellip;]<\/p>\n","protected":false},"author":3,"featured_media":9928,"comment_status":"open","ping_status":"closed","sticky":false,"template":"","format":"standard","meta":{"_jetpack_memberships_contains_paid_content":false,"footnotes":""},"categories":[13],"tags":[],"class_list":["post-9924","post","type-post","status-publish","format-standard","has-post-thumbnail","hentry","category-noticias-nacionales"],"jetpack_featured_media_url":"https:\/\/radiocresatelital.com\/wp-content\/uploads\/2024\/01\/policia-en-carcel-guayas.jpeg","jetpack_sharing_enabled":true,"_links":{"self":[{"href":"https:\/\/radiocresatelital.com\/index.php?rest_route=\/wp\/v2\/posts\/9924","targetHints":{"allow":["GET"]}}],"collection":[{"href":"https:\/\/radiocresatelital.com\/index.php?rest_route=\/wp\/v2\/posts"}],"about":[{"href":"https:\/\/radiocresatelital.com\/index.php?rest_route=\/wp\/v2\/types\/post"}],"author":[{"embeddable":true,"href":"https:\/\/radiocresatelital.com\/index.php?rest_route=\/wp\/v2\/users\/3"}],"replies":[{"embeddable":true,"href":"https:\/\/radiocresatelital.com\/index.php?rest_route=%2Fwp%2Fv2%2Fcomments&post=9924"}],"version-history":[{"count":1,"href":"https:\/\/radiocresatelital.com\/index.php?rest_route=\/wp\/v2\/posts\/9924\/revisions"}],"predecessor-version":[{"id":9929,"href":"https:\/\/radiocresatelital.com\/index.php?rest_route=\/wp\/v2\/posts\/9924\/revisions\/9929"}],"wp:featuredmedia":[{"embeddable":true,"href":"https:\/\/radiocresatelital.com\/index.php?rest_route=\/wp\/v2\/media\/9928"}],"wp:attachment":[{"href":"https:\/\/radiocresatelital.com\/index.php?rest_route=%2Fwp%2Fv2%2Fmedia&parent=9924"}],"wp:term":[{"taxonomy":"category","embeddable":true,"href":"https:\/\/radiocresatelital.com\/index.php?rest_route=%2Fwp%2Fv2%2Fcategories&post=9924"},{"taxonomy":"post_tag","embeddable":true,"href":"https:\/\/radiocresatelital.com\/index.php?rest_route=%2Fwp%2Fv2%2Ftags&post=9924"}],"curies":[{"name":"wp","href":"https:\/\/api.w.org\/{rel}","templated":true}]}}