{"id":9756,"date":"2024-01-14T17:47:10","date_gmt":"2024-01-14T17:47:10","guid":{"rendered":"https:\/\/radiocresatelital.com\/?p=9756"},"modified":"2024-01-14T18:49:17","modified_gmt":"2024-01-14T18:49:17","slug":"msp-brindo-en-2023-mas-de-113-mil-atenciones-para-trastornos-depresivos-desde-un-enfoque-integral","status":"publish","type":"post","link":"https:\/\/radiocresatelital.com\/?p=9756","title":{"rendered":"MSP brind\u00f3 en 2023 m\u00e1s de 113 mil atenciones para trastornos depresivos desde un enfoque integral"},"content":{"rendered":"<p>Quito.-\u00a0Cada 13 de enero se conmemora el D\u00eda de la Lucha contra la Depresi\u00f3n. En el mundo, la depresi\u00f3n afecta a cerca de 280 millones de personas convirti\u00e9ndose uno de los trastornos mentales m\u00e1s comunes con una prevalencia del 5% en adultos, sin embargo, el diagn\u00f3stico se realiza en la infancia, adolescencia, adultez, embarazo, puerperio y adultez mayor.<\/p>\n<p>El Ministerio de Salud P\u00fablica (MSP) atiende casos de depresi\u00f3n de acuerdo a su gravedad en servicios de salud mental de los tres niveles de atenci\u00f3n. El primer nivel cuenta con servicios ambulatorios y ambulatorios intensivos; el segundo nivel conunidades de salud mental hospitalarias y Centros Especializados como el Centro ambulatorio especializado en salud mental \u201cSan L\u00e1zaro\u201d; y el tercer nivel con el Hospital Especializado \u201cJulio Endara\u201d.<\/p>\n<p>A escala nacional, el MSP registra en el a\u00f1o 2023 un total de 113.940 atenciones de trastornos depresivos en los tres niveles de atenci\u00f3n, establecimientos m\u00f3viles de salud y servicios de atenci\u00f3n de salud m\u00f3vil de las nueve coordinaciones zonales del pa\u00eds.<\/p>\n<p>Para fortalecer la atenci\u00f3n de las problem\u00e1ticas de salud mental, se cuenta con un proyecto de inversi\u00f3n de $25\u2019000.000 que ha priorizado la contrataci\u00f3n de 39 psic\u00f3logos, 12 psiquiatras, 41 trabajadoras sociales y 30 terapistas ocupacionales en el pa\u00eds. Adem\u00e1s, se han equipado los servicios ambulatorios intensivos y se ha abastecido de los psicof\u00e1rmacos necesarios.<\/p>\n<p>Este trastorno afecta el comportamiento habitual en su mayor\u00eda a mujeres en comparaci\u00f3n con los hombres. La depresi\u00f3n se puede prevenir e implica una detecci\u00f3n temprana identificando factores de riesgo como el desempleo, fracaso escolar, luto, eventos traum\u00e1ticos, relaciones interpersonales y familiares disfuncionales, maltrato, bullying, etc.<\/p>\n<p>La depresi\u00f3n, representa uno de los factores de riesgo m\u00e1s importantes para el suicidio y estudios muestran su relaci\u00f3n con problemas cardiovasculares, estr\u00e9s, c\u00e1ncer, diabetes y algunas enfermedades respiratorias; por ello, es importante generar acciones dirigidas a la ciudadan\u00eda para mantener un buen estado de salud f\u00edsica, practicar alg\u00fan tipo de ejercicio o deporte, buena alimentaci\u00f3n y h\u00e1bitos saludables.<\/p>\n<p>Esta cartera de Estado mantiene su compromiso con la salud mental de la poblaci\u00f3n y trabaja en este trastorno bajo un abordaje integral e inclusivo con acciones preventivas y terap\u00e9uticas que contribuyen significativamente al bienestar emocional y psicol\u00f3gico de la comunidad.<\/p>\n","protected":false},"excerpt":{"rendered":"<p>Quito.-\u00a0Cada 13 de enero se conmemora el D\u00eda de la Lucha contra la Depresi\u00f3n. En el mundo, la depresi\u00f3n afecta a cerca de 280 millones de personas convirti\u00e9ndose uno de los trastornos mentales m\u00e1s comunes con una prevalencia del 5% en adultos, sin embargo, el diagn\u00f3stico se realiza en la infancia, adolescencia, adultez, embarazo, puerperio [&hellip;]<\/p>\n","protected":false},"author":2,"featured_media":9757,"comment_status":"open","ping_status":"closed","sticky":false,"template":"","format":"standard","meta":{"_jetpack_memberships_contains_paid_content":false,"footnotes":""},"categories":[1023],"tags":[1672],"class_list":["post-9756","post","type-post","status-publish","format-standard","has-post-thumbnail","hentry","category-salud","tag-dia-de-la-lucha-contra-la-depresion"],"jetpack_featured_media_url":"https:\/\/radiocresatelital.com\/wp-content\/uploads\/2024\/01\/Enero-13-Dia-Mundial-de-la-Lucha-contra-la-Depresion.png","jetpack_sharing_enabled":true,"_links":{"self":[{"href":"https:\/\/radiocresatelital.com\/index.php?rest_route=\/wp\/v2\/posts\/9756","targetHints":{"allow":["GET"]}}],"collection":[{"href":"https:\/\/radiocresatelital.com\/index.php?rest_route=\/wp\/v2\/posts"}],"about":[{"href":"https:\/\/radiocresatelital.com\/index.php?rest_route=\/wp\/v2\/types\/post"}],"author":[{"embeddable":true,"href":"https:\/\/radiocresatelital.com\/index.php?rest_route=\/wp\/v2\/users\/2"}],"replies":[{"embeddable":true,"href":"https:\/\/radiocresatelital.com\/index.php?rest_route=%2Fwp%2Fv2%2Fcomments&post=9756"}],"version-history":[{"count":1,"href":"https:\/\/radiocresatelital.com\/index.php?rest_route=\/wp\/v2\/posts\/9756\/revisions"}],"predecessor-version":[{"id":9758,"href":"https:\/\/radiocresatelital.com\/index.php?rest_route=\/wp\/v2\/posts\/9756\/revisions\/9758"}],"wp:featuredmedia":[{"embeddable":true,"href":"https:\/\/radiocresatelital.com\/index.php?rest_route=\/wp\/v2\/media\/9757"}],"wp:attachment":[{"href":"https:\/\/radiocresatelital.com\/index.php?rest_route=%2Fwp%2Fv2%2Fmedia&parent=9756"}],"wp:term":[{"taxonomy":"category","embeddable":true,"href":"https:\/\/radiocresatelital.com\/index.php?rest_route=%2Fwp%2Fv2%2Fcategories&post=9756"},{"taxonomy":"post_tag","embeddable":true,"href":"https:\/\/radiocresatelital.com\/index.php?rest_route=%2Fwp%2Fv2%2Ftags&post=9756"}],"curies":[{"name":"wp","href":"https:\/\/api.w.org\/{rel}","templated":true}]}}