{"id":9651,"date":"2024-01-10T15:54:51","date_gmt":"2024-01-10T15:54:51","guid":{"rendered":"https:\/\/radiocresatelital.com\/?p=9651"},"modified":"2024-01-12T16:16:00","modified_gmt":"2024-01-12T16:16:00","slug":"los-22-grupos-terroristas-mencionados-por-el-presidente-son-nuestro-objetivo-militar-venceremosjaime-vela","status":"publish","type":"post","link":"https:\/\/radiocresatelital.com\/?p=9651","title":{"rendered":"Los 22 grupos terroristas mencionados por el presidente son nuestro OBJETIVO MILITAR, \u00a1VENCEREMOS!Jaime Vela"},"content":{"rendered":"<p>Quito.- Luego del decreto de Conflicto Interno Armado, se reuni\u00f3 el CONSEPE (Consejo de Seguridad P\u00fablica y del Estado), y despu\u00e9s de varias horas algunas autoridades dieron declaraciones, entre ellas, el Jefe del Comando Conjunto de las Fuerzas Armadas, Almirante Jaime Vela, quien fue enf\u00e1tico en afirmar que:\u00bbTodo grupo terrorista identificado en el decreto presidencial, se ha convertido en objetivo militar\u00bb.<\/p>\n<p>\u00abEl presente y el futuro de nuestra patria esta en juego y ning\u00fan acto de terror nos hara claudicar, no vamos a retroceder ni a negociar\u00bb dijo el l\u00edder militar y agreg\u00f3 que\u00bbEl bien, la justicia y el orden, no pueden pedirle permiso ni agacharle la cabeza a ning\u00fan terrorista\u00bb.<\/p>\n<p>\u00abEstamos actuando con contundencia \u00bb asegur\u00f3 el Almirante Vela y conmin\u00f3 al pueblo ecuatoriano a unirse a esta lucha: \u00abPueblo ecuatoriano esta lucha dar\u00e1 sus frutos con el apoyo de ustedes, hacemos un llamado patriot\u00edco: Juntos haremos flamear nuesstro sagrado tricolor. Los cuidaremos con nuestras vidas si es necesario. \u00a1VENCEREMOS! \u00a1VIVA EL ECUADOR!<\/p>\n<p>&nbsp;<\/p>\n<p><a href=\"https:\/\/x.com\/Cresatelitalecu\/status\/1744898589355393402?s=20\">https:\/\/x.com\/Cresatelitalecu\/status\/1744898589355393402?s=20<\/a><\/p>\n","protected":false},"excerpt":{"rendered":"<p>Quito.- Luego del decreto de Conflicto Interno Armado, se reuni\u00f3 el CONSEPE (Consejo de Seguridad P\u00fablica y del Estado), y despu\u00e9s de varias horas algunas autoridades dieron declaraciones, entre ellas, el Jefe del Comando Conjunto de las Fuerzas Armadas, Almirante Jaime Vela, quien fue enf\u00e1tico en afirmar que:\u00bbTodo grupo terrorista identificado en el decreto presidencial, [&hellip;]<\/p>\n","protected":false},"author":3,"featured_media":9652,"comment_status":"open","ping_status":"closed","sticky":false,"template":"","format":"standard","meta":{"_jetpack_memberships_contains_paid_content":false,"footnotes":""},"categories":[13],"tags":[],"class_list":["post-9651","post","type-post","status-publish","format-standard","has-post-thumbnail","hentry","category-noticias-nacionales"],"jetpack_featured_media_url":"https:\/\/radiocresatelital.com\/wp-content\/uploads\/2024\/01\/jaime-Vela.jpeg","jetpack_sharing_enabled":true,"_links":{"self":[{"href":"https:\/\/radiocresatelital.com\/index.php?rest_route=\/wp\/v2\/posts\/9651","targetHints":{"allow":["GET"]}}],"collection":[{"href":"https:\/\/radiocresatelital.com\/index.php?rest_route=\/wp\/v2\/posts"}],"about":[{"href":"https:\/\/radiocresatelital.com\/index.php?rest_route=\/wp\/v2\/types\/post"}],"author":[{"embeddable":true,"href":"https:\/\/radiocresatelital.com\/index.php?rest_route=\/wp\/v2\/users\/3"}],"replies":[{"embeddable":true,"href":"https:\/\/radiocresatelital.com\/index.php?rest_route=%2Fwp%2Fv2%2Fcomments&post=9651"}],"version-history":[{"count":1,"href":"https:\/\/radiocresatelital.com\/index.php?rest_route=\/wp\/v2\/posts\/9651\/revisions"}],"predecessor-version":[{"id":9653,"href":"https:\/\/radiocresatelital.com\/index.php?rest_route=\/wp\/v2\/posts\/9651\/revisions\/9653"}],"wp:featuredmedia":[{"embeddable":true,"href":"https:\/\/radiocresatelital.com\/index.php?rest_route=\/wp\/v2\/media\/9652"}],"wp:attachment":[{"href":"https:\/\/radiocresatelital.com\/index.php?rest_route=%2Fwp%2Fv2%2Fmedia&parent=9651"}],"wp:term":[{"taxonomy":"category","embeddable":true,"href":"https:\/\/radiocresatelital.com\/index.php?rest_route=%2Fwp%2Fv2%2Fcategories&post=9651"},{"taxonomy":"post_tag","embeddable":true,"href":"https:\/\/radiocresatelital.com\/index.php?rest_route=%2Fwp%2Fv2%2Ftags&post=9651"}],"curies":[{"name":"wp","href":"https:\/\/api.w.org\/{rel}","templated":true}]}}