{"id":9648,"date":"2024-01-10T15:33:40","date_gmt":"2024-01-10T15:33:40","guid":{"rendered":"https:\/\/radiocresatelital.com\/?p=9648"},"modified":"2024-01-12T18:20:02","modified_gmt":"2024-01-12T18:20:02","slug":"2-heridos-es-el-saldo-del-asalto-a-tc-television","status":"publish","type":"post","link":"https:\/\/radiocresatelital.com\/?p=9648","title":{"rendered":"Dos heridos es el saldo del asalto a TC Televisi\u00f3n"},"content":{"rendered":"<p>Guayaquil.- Luego del asalto terrorista que sufri\u00f3 TC Televisi\u00f3n la tarde de ayer, donde la Polic\u00eda Nacional realiz\u00f3 un impecable intervenci\u00f3n, captur\u00f3 a 13 delincuentes-terroristas y rescat\u00f3 a periodistas y trabajadores en general que estaban secuestrados, amedrentados, amenazados y maltratados por dichos hampones, se conoci\u00f3 el saldo de este lamentable episodio para el pa\u00eds.<\/p>\n<p>Hubo 2 trabajadores heridos de bala, que est\u00e1n estables, pero que tuvieron que ser internados, adem\u00e1s varias personas golpeadas y con crisis de nervios, pero afortunadamente no hay casos de gravedad ni bajas dentro del canal ni de la instituci\u00f3n policial, as\u00ed como tampoco de los delincuentes.<\/p>\n<p>Aunque el canal originalmente hab\u00eda anunciado que cerrar\u00eda por unos d\u00edas, ayer mismo retom\u00f3 sus actividades e inform\u00f3, en esta ocasi\u00f3n, como protagonistas de la noticia, lo sucedido en sus instalaciones.<\/p>\n<p>As\u00ed tambi\u00e9n, Gama Tv, fue asaltada por delincuentes que despojaron de sus pertenencias a los trabajadores.<\/p>\n<p>Esta clase de actos terroristas, nunca antes ocurridos en el pa\u00eds, fueron la motivaci\u00f3n final para que el Gobierno decrete el estado de Conflicto Interno Armado.<\/p>\n<p><a href=\"https:\/\/x.com\/tctelevision\/status\/1744872240737374578?s=20\">https:\/\/x.com\/tctelevision\/status\/1744872240737374578?s=20<\/a><\/p>\n","protected":false},"excerpt":{"rendered":"<p>Guayaquil.- Luego del asalto terrorista que sufri\u00f3 TC Televisi\u00f3n la tarde de ayer, donde la Polic\u00eda Nacional realiz\u00f3 un impecable intervenci\u00f3n, captur\u00f3 a 13 delincuentes-terroristas y rescat\u00f3 a periodistas y trabajadores en general que estaban secuestrados, amedrentados, amenazados y maltratados por dichos hampones, se conoci\u00f3 el saldo de este lamentable episodio para el pa\u00eds. Hubo [&hellip;]<\/p>\n","protected":false},"author":3,"featured_media":9649,"comment_status":"open","ping_status":"closed","sticky":false,"template":"","format":"standard","meta":{"_jetpack_memberships_contains_paid_content":false,"footnotes":""},"categories":[13],"tags":[1661],"class_list":["post-9648","post","type-post","status-publish","format-standard","has-post-thumbnail","hentry","category-noticias-nacionales","tag-ataques-a-tc-television"],"jetpack_featured_media_url":"https:\/\/radiocresatelital.com\/wp-content\/uploads\/2024\/01\/evacuan-tc-television.jpeg","jetpack_sharing_enabled":true,"_links":{"self":[{"href":"https:\/\/radiocresatelital.com\/index.php?rest_route=\/wp\/v2\/posts\/9648","targetHints":{"allow":["GET"]}}],"collection":[{"href":"https:\/\/radiocresatelital.com\/index.php?rest_route=\/wp\/v2\/posts"}],"about":[{"href":"https:\/\/radiocresatelital.com\/index.php?rest_route=\/wp\/v2\/types\/post"}],"author":[{"embeddable":true,"href":"https:\/\/radiocresatelital.com\/index.php?rest_route=\/wp\/v2\/users\/3"}],"replies":[{"embeddable":true,"href":"https:\/\/radiocresatelital.com\/index.php?rest_route=%2Fwp%2Fv2%2Fcomments&post=9648"}],"version-history":[{"count":2,"href":"https:\/\/radiocresatelital.com\/index.php?rest_route=\/wp\/v2\/posts\/9648\/revisions"}],"predecessor-version":[{"id":9685,"href":"https:\/\/radiocresatelital.com\/index.php?rest_route=\/wp\/v2\/posts\/9648\/revisions\/9685"}],"wp:featuredmedia":[{"embeddable":true,"href":"https:\/\/radiocresatelital.com\/index.php?rest_route=\/wp\/v2\/media\/9649"}],"wp:attachment":[{"href":"https:\/\/radiocresatelital.com\/index.php?rest_route=%2Fwp%2Fv2%2Fmedia&parent=9648"}],"wp:term":[{"taxonomy":"category","embeddable":true,"href":"https:\/\/radiocresatelital.com\/index.php?rest_route=%2Fwp%2Fv2%2Fcategories&post=9648"},{"taxonomy":"post_tag","embeddable":true,"href":"https:\/\/radiocresatelital.com\/index.php?rest_route=%2Fwp%2Fv2%2Ftags&post=9648"}],"curies":[{"name":"wp","href":"https:\/\/api.w.org\/{rel}","templated":true}]}}