{"id":9645,"date":"2024-01-10T14:58:15","date_gmt":"2024-01-10T14:58:15","guid":{"rendered":"https:\/\/radiocresatelital.com\/?p=9645"},"modified":"2024-01-12T18:19:19","modified_gmt":"2024-01-12T18:19:19","slug":"ecuador-decreta-conflicto-interno-armado","status":"publish","type":"post","link":"https:\/\/radiocresatelital.com\/?p=9645","title":{"rendered":"Ecuador decreta Conflicto Interno Armado"},"content":{"rendered":"<p>Quito.- Ante los hechos violentos vividos ayer desde la toma del canal de televisi\u00f3n TC, sumando secuestros de m\u00e1s polic\u00edas, asaltos a Centros Comerciales, balaceras y muertes, el presidente de la Rep\u00fablica, Daniel Noboa Az\u00edn, decret\u00f3 el estado de Conflicto Interno Armado, el cual faculta a las Fuerzas Armadas a trtar como objetivo militar a las 22 bandas delictivas y terroristas que el primer mandatario menciona en el documento oficial.<\/p>\n<p>Anoche mismo se movilizaron tanquetas, batallones de militares, camiones y artiller\u00eda para ejecutar el decreto presidencial.<\/p>\n<p>&nbsp;<\/p>\n<p><img decoding=\"async\" src=\"https:\/\/pbs.twimg.com\/media\/GDbePboWMAAdf_d?format=jpg&amp;name=large\" alt=\"Imagen\" \/><\/p>\n<p>&nbsp;<\/p>\n","protected":false},"excerpt":{"rendered":"<p>Quito.- Ante los hechos violentos vividos ayer desde la toma del canal de televisi\u00f3n TC, sumando secuestros de m\u00e1s polic\u00edas, asaltos a Centros Comerciales, balaceras y muertes, el presidente de la Rep\u00fablica, Daniel Noboa Az\u00edn, decret\u00f3 el estado de Conflicto Interno Armado, el cual faculta a las Fuerzas Armadas a trtar como objetivo militar a [&hellip;]<\/p>\n","protected":false},"author":3,"featured_media":9457,"comment_status":"open","ping_status":"closed","sticky":false,"template":"","format":"standard","meta":{"_jetpack_memberships_contains_paid_content":false,"footnotes":""},"categories":[13],"tags":[1322],"class_list":["post-9645","post","type-post","status-publish","format-standard","has-post-thumbnail","hentry","category-noticias-nacionales","tag-presidente-daniel-noboa"],"jetpack_featured_media_url":"https:\/\/radiocresatelital.com\/wp-content\/uploads\/2024\/01\/daniel-noboa-consulta-popular-gobierno-2012024-1.jpg","jetpack_sharing_enabled":true,"_links":{"self":[{"href":"https:\/\/radiocresatelital.com\/index.php?rest_route=\/wp\/v2\/posts\/9645","targetHints":{"allow":["GET"]}}],"collection":[{"href":"https:\/\/radiocresatelital.com\/index.php?rest_route=\/wp\/v2\/posts"}],"about":[{"href":"https:\/\/radiocresatelital.com\/index.php?rest_route=\/wp\/v2\/types\/post"}],"author":[{"embeddable":true,"href":"https:\/\/radiocresatelital.com\/index.php?rest_route=\/wp\/v2\/users\/3"}],"replies":[{"embeddable":true,"href":"https:\/\/radiocresatelital.com\/index.php?rest_route=%2Fwp%2Fv2%2Fcomments&post=9645"}],"version-history":[{"count":1,"href":"https:\/\/radiocresatelital.com\/index.php?rest_route=\/wp\/v2\/posts\/9645\/revisions"}],"predecessor-version":[{"id":9647,"href":"https:\/\/radiocresatelital.com\/index.php?rest_route=\/wp\/v2\/posts\/9645\/revisions\/9647"}],"wp:featuredmedia":[{"embeddable":true,"href":"https:\/\/radiocresatelital.com\/index.php?rest_route=\/wp\/v2\/media\/9457"}],"wp:attachment":[{"href":"https:\/\/radiocresatelital.com\/index.php?rest_route=%2Fwp%2Fv2%2Fmedia&parent=9645"}],"wp:term":[{"taxonomy":"category","embeddable":true,"href":"https:\/\/radiocresatelital.com\/index.php?rest_route=%2Fwp%2Fv2%2Fcategories&post=9645"},{"taxonomy":"post_tag","embeddable":true,"href":"https:\/\/radiocresatelital.com\/index.php?rest_route=%2Fwp%2Fv2%2Ftags&post=9645"}],"curies":[{"name":"wp","href":"https:\/\/api.w.org\/{rel}","templated":true}]}}