{"id":9636,"date":"2024-01-09T18:27:52","date_gmt":"2024-01-09T18:27:52","guid":{"rendered":"https:\/\/radiocresatelital.com\/?p=9636"},"modified":"2024-01-09T18:27:52","modified_gmt":"2024-01-09T18:27:52","slug":"terminal-terrestre-de-guayaquil-ejecuta-controles-de-seguridad","status":"publish","type":"post","link":"https:\/\/radiocresatelital.com\/?p=9636","title":{"rendered":"Terminal Terrestre de Guayaquil ejecuta controles de seguridad"},"content":{"rendered":"<p>Guayaquil.- La Fundaci\u00f3n Terminal Terrestre lanz\u00f3 un plan piloto para desarrollar operativos diarios de control y coordinaci\u00f3n en las instalaciones de la terminal, ubicada entre las avenidas Benjam\u00edn Rosales y Las Am\u00e9ricas.<\/p>\n<p>La acci\u00f3n es de forma aleatoria e incluye en promedio tres recorridos diarios en el interior de la terminal y en sus \u00e1reas externas como zona de arribos y paradero de buses urbanos.<\/p>\n<p>\u201cDebido a la conmoci\u00f3n social que existe en la ciudad y en el pa\u00eds, la Terminal Terrestre de Guayaquil es un foco importante por la operatividad que maneja y el n\u00famero de ciudadanos que transitan diariamente. Se est\u00e1n desarrollando operativos de control y coordinaci\u00f3n con las diferentes entidades municipales y p\u00fablicas\u201d, inform\u00f3 Ronald Berm\u00fadez, director de Terminal Terrestre.<\/p>\n<p>En las jornadas participan miembros de la Polic\u00eda Nacional, agentes municipales de SEGURA EP y personal de seguridad del Terminal Terrestre. Adem\u00e1s, dos canes entrenados para detectar sustancias<br \/>\nsujetas a fiscalizaci\u00f3n.<\/p>\n<p>\u201cEl lunes hemos tenido diferentes resultados: se ha encontrado sustancias sujetas a fiscalizaci\u00f3n, armas blancas, la Polic\u00eda hace su trabajo en conjunto con nosotros\u201d, dijo el funcionario.<\/p>\n<p>La ma\u00f1ana de este martes, por ejemplo, los canes olfatearon los quioscos de comerciantes ubicados en los paraderos de buses urbanos. Tambi\u00e9n el personal de seguridad evidenci\u00f3 que los traslados de pasajeros se desarrollen en orden.<\/p>\n<p>La comerciante Isabel S\u00e1nchez refiri\u00f3 que los operativos son positivos porque garantizan seguridad p\u00fablica. \u201cEsto hace que la gente pueda venir a comprar confiadamente y no est\u00e9n asustados con riesgo de que algo les va a pasar\u201d.<\/p>\n<p>Cabe recalcar que las dos terminales terrestres que funcionan en Guayaquil mantienen su horario normal de funcionamiento; el cual es el siguiente:<\/p>\n<p>Terminal Terrestre de Guayaquil: 24 horas<br \/>\nTerminal Terrestre Municipal Pascuales: de 5:00 a 21:00<\/p>\n","protected":false},"excerpt":{"rendered":"<p>Guayaquil.- La Fundaci\u00f3n Terminal Terrestre lanz\u00f3 un plan piloto para desarrollar operativos diarios de control y coordinaci\u00f3n en las instalaciones de la terminal, ubicada entre las avenidas Benjam\u00edn Rosales y Las Am\u00e9ricas. La acci\u00f3n es de forma aleatoria e incluye en promedio tres recorridos diarios en el interior de la terminal y en sus \u00e1reas [&hellip;]<\/p>\n","protected":false},"author":2,"featured_media":9637,"comment_status":"open","ping_status":"closed","sticky":false,"template":"","format":"standard","meta":{"_jetpack_memberships_contains_paid_content":false,"footnotes":""},"categories":[13],"tags":[1589],"class_list":["post-9636","post","type-post","status-publish","format-standard","has-post-thumbnail","hentry","category-noticias-nacionales","tag-terminal-terrestre-de-guayaquil"],"jetpack_featured_media_url":"https:\/\/radiocresatelital.com\/wp-content\/uploads\/2024\/01\/418727168_3598513830400568_6280324121585462180_n.jpg","jetpack_sharing_enabled":true,"_links":{"self":[{"href":"https:\/\/radiocresatelital.com\/index.php?rest_route=\/wp\/v2\/posts\/9636","targetHints":{"allow":["GET"]}}],"collection":[{"href":"https:\/\/radiocresatelital.com\/index.php?rest_route=\/wp\/v2\/posts"}],"about":[{"href":"https:\/\/radiocresatelital.com\/index.php?rest_route=\/wp\/v2\/types\/post"}],"author":[{"embeddable":true,"href":"https:\/\/radiocresatelital.com\/index.php?rest_route=\/wp\/v2\/users\/2"}],"replies":[{"embeddable":true,"href":"https:\/\/radiocresatelital.com\/index.php?rest_route=%2Fwp%2Fv2%2Fcomments&post=9636"}],"version-history":[{"count":1,"href":"https:\/\/radiocresatelital.com\/index.php?rest_route=\/wp\/v2\/posts\/9636\/revisions"}],"predecessor-version":[{"id":9638,"href":"https:\/\/radiocresatelital.com\/index.php?rest_route=\/wp\/v2\/posts\/9636\/revisions\/9638"}],"wp:featuredmedia":[{"embeddable":true,"href":"https:\/\/radiocresatelital.com\/index.php?rest_route=\/wp\/v2\/media\/9637"}],"wp:attachment":[{"href":"https:\/\/radiocresatelital.com\/index.php?rest_route=%2Fwp%2Fv2%2Fmedia&parent=9636"}],"wp:term":[{"taxonomy":"category","embeddable":true,"href":"https:\/\/radiocresatelital.com\/index.php?rest_route=%2Fwp%2Fv2%2Fcategories&post=9636"},{"taxonomy":"post_tag","embeddable":true,"href":"https:\/\/radiocresatelital.com\/index.php?rest_route=%2Fwp%2Fv2%2Ftags&post=9636"}],"curies":[{"name":"wp","href":"https:\/\/api.w.org\/{rel}","templated":true}]}}