{"id":9633,"date":"2024-01-09T18:21:24","date_gmt":"2024-01-09T18:21:24","guid":{"rendered":"https:\/\/radiocresatelital.com\/?p=9633"},"modified":"2024-01-09T18:21:24","modified_gmt":"2024-01-09T18:21:24","slug":"disposiciones-de-movilidad-para-el-sector-turistico-durante-el-toque-de-queda","status":"publish","type":"post","link":"https:\/\/radiocresatelital.com\/?p=9633","title":{"rendered":"Disposiciones de movilidad para el sector tur\u00edstico durante el toque de queda"},"content":{"rendered":"<p>Quito.- En relaci\u00f3n al Decreto Ejecutivo Nro. 110, del 8 de enero de 2024, a trav\u00e9s del cual el Presidente Constitucional de la Rep\u00fablica declar\u00f3 el Estado de Excepci\u00f3n en todo el territorio nacional, medida que restringe la libertad de tr\u00e1nsito desde las 23h00 hasta las 05h00 locales (04h00 hasta las 10h00 GMT), durante 60 d\u00edas; esta cartera de Estado informa que: siendo el Turismo una actividad estrat\u00e9gica para la econom\u00eda nacional, se ha coordinado con el Ministerio de Gobierno la autorizaci\u00f3n correspondiente para que las actividades del sector se mantengan operativas en beneficio del pa\u00eds.<\/p>\n<p>En apego a lo dispuesto en el art\u00edculo 7 de dicho Decreto la autorizaci\u00f3n ha sido concedida para que las actividades tur\u00edsticas se desarrollen de la siguiente manera:<\/p>\n<p>\u2022 La movilizaci\u00f3n del personal que brinda servicios de alojamiento, de alimentos y bebidas, de transporte tur\u00edstico, operaci\u00f3n y guianza tur\u00edstica se permitir\u00e1 con la presentaci\u00f3n de la credencial del establecimiento tur\u00edstico al que pertenece.<\/p>\n<p>\u2022 Los pasajeros que requieran movilizarse desde y hacia los aeropuertos mediante el uso de transporte p\u00fablico o privado deber\u00e1n presentar el ticket o documento de viaje de manera f\u00edsica o digital. La copia de este documento, tambi\u00e9n acredita la circulaci\u00f3n de quien moviliza al pasajero desde o hacia los aeropuertos.<\/p>\n<p>El Ministerio de Turismo exhorta a los miembros del sector y a los usuarios de servicios tur\u00edsticos a colaborar con los entes de control y planificar sus actividades tomando en consideraci\u00f3n las recomendaciones de seguridad dispuestas por las autoridades competentes.<\/p>\n","protected":false},"excerpt":{"rendered":"<p>Quito.- En relaci\u00f3n al Decreto Ejecutivo Nro. 110, del 8 de enero de 2024, a trav\u00e9s del cual el Presidente Constitucional de la Rep\u00fablica declar\u00f3 el Estado de Excepci\u00f3n en todo el territorio nacional, medida que restringe la libertad de tr\u00e1nsito desde las 23h00 hasta las 05h00 locales (04h00 hasta las 10h00 GMT), durante 60 [&hellip;]<\/p>\n","protected":false},"author":2,"featured_media":9634,"comment_status":"open","ping_status":"closed","sticky":false,"template":"","format":"standard","meta":{"_jetpack_memberships_contains_paid_content":false,"footnotes":""},"categories":[13],"tags":[1653],"class_list":["post-9633","post","type-post","status-publish","format-standard","has-post-thumbnail","hentry","category-noticias-nacionales","tag-estado-de-excepcion"],"jetpack_featured_media_url":"https:\/\/radiocresatelital.com\/wp-content\/uploads\/2024\/01\/124369894_gettyimages-1240336233.jpg","jetpack_sharing_enabled":true,"_links":{"self":[{"href":"https:\/\/radiocresatelital.com\/index.php?rest_route=\/wp\/v2\/posts\/9633","targetHints":{"allow":["GET"]}}],"collection":[{"href":"https:\/\/radiocresatelital.com\/index.php?rest_route=\/wp\/v2\/posts"}],"about":[{"href":"https:\/\/radiocresatelital.com\/index.php?rest_route=\/wp\/v2\/types\/post"}],"author":[{"embeddable":true,"href":"https:\/\/radiocresatelital.com\/index.php?rest_route=\/wp\/v2\/users\/2"}],"replies":[{"embeddable":true,"href":"https:\/\/radiocresatelital.com\/index.php?rest_route=%2Fwp%2Fv2%2Fcomments&post=9633"}],"version-history":[{"count":1,"href":"https:\/\/radiocresatelital.com\/index.php?rest_route=\/wp\/v2\/posts\/9633\/revisions"}],"predecessor-version":[{"id":9635,"href":"https:\/\/radiocresatelital.com\/index.php?rest_route=\/wp\/v2\/posts\/9633\/revisions\/9635"}],"wp:featuredmedia":[{"embeddable":true,"href":"https:\/\/radiocresatelital.com\/index.php?rest_route=\/wp\/v2\/media\/9634"}],"wp:attachment":[{"href":"https:\/\/radiocresatelital.com\/index.php?rest_route=%2Fwp%2Fv2%2Fmedia&parent=9633"}],"wp:term":[{"taxonomy":"category","embeddable":true,"href":"https:\/\/radiocresatelital.com\/index.php?rest_route=%2Fwp%2Fv2%2Fcategories&post=9633"},{"taxonomy":"post_tag","embeddable":true,"href":"https:\/\/radiocresatelital.com\/index.php?rest_route=%2Fwp%2Fv2%2Ftags&post=9633"}],"curies":[{"name":"wp","href":"https:\/\/api.w.org\/{rel}","templated":true}]}}