{"id":9630,"date":"2024-01-09T16:52:00","date_gmt":"2024-01-09T16:52:00","guid":{"rendered":"https:\/\/radiocresatelital.com\/?p=9630"},"modified":"2024-01-09T18:32:56","modified_gmt":"2024-01-09T18:32:56","slug":"quevedo-patrullero-incendiado-y-3-policias-mas-secuestrados","status":"publish","type":"post","link":"https:\/\/radiocresatelital.com\/?p=9630","title":{"rendered":"Quevedo: Patrullero incendiado y 3 polic\u00edas m\u00e1s secuestrados"},"content":{"rendered":"<div class=\"paragraph\">\n<p>Quevedo.- La violencia ahora recrudece en la v\u00eda que conecta El Empalme con Quevedo, donde un patrullero de la polic\u00eda fue explotado y los 3 gendarmes que se movilizaban en \u00e9l fueron secuestrados por el hampa.<\/p>\n<p>La Polic\u00eda Nacional confirm\u00f3 lo sucedido en Los R\u00edos y asegur\u00f3 que han desplegado un amplio operativo para dar con los delincuentes que han secuestrado a los polic\u00edas y destru\u00eddo un bien p\u00fablico.<\/p>\n<p>Aunque hay temor por parte de los lugare\u00f1os, se conoci\u00f3 que por lo menos 4 camionetas participaron en este hecho delictivo, con al menos 20 personas, quienes interceptaron el patrullero, apresaron a los polic\u00edas e incendiaron el veh\u00edculo.<\/p>\n<\/div>\n<figure class=\"contentMedia art-img\"><\/figure>\n","protected":false},"excerpt":{"rendered":"<p>Quevedo.- La violencia ahora recrudece en la v\u00eda que conecta El Empalme con Quevedo, donde un patrullero de la polic\u00eda fue explotado y los 3 gendarmes que se movilizaban en \u00e9l fueron secuestrados por el hampa. La Polic\u00eda Nacional confirm\u00f3 lo sucedido en Los R\u00edos y asegur\u00f3 que han desplegado un amplio operativo para dar [&hellip;]<\/p>\n","protected":false},"author":3,"featured_media":9631,"comment_status":"open","ping_status":"closed","sticky":false,"template":"","format":"standard","meta":{"_jetpack_memberships_contains_paid_content":false,"footnotes":""},"categories":[13],"tags":[1654],"class_list":["post-9630","post","type-post","status-publish","format-standard","has-post-thumbnail","hentry","category-noticias-nacionales","tag-explosion-vehiculo"],"jetpack_featured_media_url":"https:\/\/radiocresatelital.com\/wp-content\/uploads\/2024\/01\/patrullero-incendiado.jpeg","jetpack_sharing_enabled":true,"_links":{"self":[{"href":"https:\/\/radiocresatelital.com\/index.php?rest_route=\/wp\/v2\/posts\/9630","targetHints":{"allow":["GET"]}}],"collection":[{"href":"https:\/\/radiocresatelital.com\/index.php?rest_route=\/wp\/v2\/posts"}],"about":[{"href":"https:\/\/radiocresatelital.com\/index.php?rest_route=\/wp\/v2\/types\/post"}],"author":[{"embeddable":true,"href":"https:\/\/radiocresatelital.com\/index.php?rest_route=\/wp\/v2\/users\/3"}],"replies":[{"embeddable":true,"href":"https:\/\/radiocresatelital.com\/index.php?rest_route=%2Fwp%2Fv2%2Fcomments&post=9630"}],"version-history":[{"count":2,"href":"https:\/\/radiocresatelital.com\/index.php?rest_route=\/wp\/v2\/posts\/9630\/revisions"}],"predecessor-version":[{"id":9639,"href":"https:\/\/radiocresatelital.com\/index.php?rest_route=\/wp\/v2\/posts\/9630\/revisions\/9639"}],"wp:featuredmedia":[{"embeddable":true,"href":"https:\/\/radiocresatelital.com\/index.php?rest_route=\/wp\/v2\/media\/9631"}],"wp:attachment":[{"href":"https:\/\/radiocresatelital.com\/index.php?rest_route=%2Fwp%2Fv2%2Fmedia&parent=9630"}],"wp:term":[{"taxonomy":"category","embeddable":true,"href":"https:\/\/radiocresatelital.com\/index.php?rest_route=%2Fwp%2Fv2%2Fcategories&post=9630"},{"taxonomy":"post_tag","embeddable":true,"href":"https:\/\/radiocresatelital.com\/index.php?rest_route=%2Fwp%2Fv2%2Ftags&post=9630"}],"curies":[{"name":"wp","href":"https:\/\/api.w.org\/{rel}","templated":true}]}}