{"id":9627,"date":"2024-01-09T16:38:21","date_gmt":"2024-01-09T16:38:21","guid":{"rendered":"https:\/\/radiocresatelital.com\/?p=9627"},"modified":"2024-01-09T18:36:41","modified_gmt":"2024-01-09T18:36:41","slug":"asamblea-nacional-se-reune-para-analizar-crisis-de-seguridad-y-ola-de-violencia","status":"publish","type":"post","link":"https:\/\/radiocresatelital.com\/?p=9627","title":{"rendered":"Asamblea Nacional se reune para analizar crisis de seguridad y ola de violencia"},"content":{"rendered":"<p>Quito.- La Asamblea Nacional cit\u00f3 a una reuni\u00f3n urgente esta ma\u00f1ana, ante la ola de violencia que soporta el pa\u00eds.<\/p>\n<p>Mediante un comunicado, la Asamblea resalta la necesidad de que el trabajo de las distintas fuerzas pol\u00edticas tenga un objetivo com\u00fan frente a la conmoci\u00f3n nacional y los actos que atentan contra la paz p\u00fablica.<\/p>\n<p>A continuaci\u00f3n dicho comunicado:<\/p>\n<p><img decoding=\"async\" src=\"https:\/\/pbs.twimg.com\/media\/GDaO2mtaAAAZ1ac?format=jpg&amp;name=small\" alt=\"Imagen\" \/><\/p>\n<p>&nbsp;<\/p>\n","protected":false},"excerpt":{"rendered":"<p>Quito.- La Asamblea Nacional cit\u00f3 a una reuni\u00f3n urgente esta ma\u00f1ana, ante la ola de violencia que soporta el pa\u00eds. Mediante un comunicado, la Asamblea resalta la necesidad de que el trabajo de las distintas fuerzas pol\u00edticas tenga un objetivo com\u00fan frente a la conmoci\u00f3n nacional y los actos que atentan contra la paz p\u00fablica. [&hellip;]<\/p>\n","protected":false},"author":3,"featured_media":9628,"comment_status":"open","ping_status":"closed","sticky":false,"template":"","format":"standard","meta":{"_jetpack_memberships_contains_paid_content":false,"footnotes":""},"categories":[13],"tags":[1658],"class_list":["post-9627","post","type-post","status-publish","format-standard","has-post-thumbnail","hentry","category-noticias-nacionales","tag-aasmblea-nacional"],"jetpack_featured_media_url":"https:\/\/radiocresatelital.com\/wp-content\/uploads\/2024\/01\/asamblea-nacional.jpeg","jetpack_sharing_enabled":true,"_links":{"self":[{"href":"https:\/\/radiocresatelital.com\/index.php?rest_route=\/wp\/v2\/posts\/9627","targetHints":{"allow":["GET"]}}],"collection":[{"href":"https:\/\/radiocresatelital.com\/index.php?rest_route=\/wp\/v2\/posts"}],"about":[{"href":"https:\/\/radiocresatelital.com\/index.php?rest_route=\/wp\/v2\/types\/post"}],"author":[{"embeddable":true,"href":"https:\/\/radiocresatelital.com\/index.php?rest_route=\/wp\/v2\/users\/3"}],"replies":[{"embeddable":true,"href":"https:\/\/radiocresatelital.com\/index.php?rest_route=%2Fwp%2Fv2%2Fcomments&post=9627"}],"version-history":[{"count":1,"href":"https:\/\/radiocresatelital.com\/index.php?rest_route=\/wp\/v2\/posts\/9627\/revisions"}],"predecessor-version":[{"id":9629,"href":"https:\/\/radiocresatelital.com\/index.php?rest_route=\/wp\/v2\/posts\/9627\/revisions\/9629"}],"wp:featuredmedia":[{"embeddable":true,"href":"https:\/\/radiocresatelital.com\/index.php?rest_route=\/wp\/v2\/media\/9628"}],"wp:attachment":[{"href":"https:\/\/radiocresatelital.com\/index.php?rest_route=%2Fwp%2Fv2%2Fmedia&parent=9627"}],"wp:term":[{"taxonomy":"category","embeddable":true,"href":"https:\/\/radiocresatelital.com\/index.php?rest_route=%2Fwp%2Fv2%2Fcategories&post=9627"},{"taxonomy":"post_tag","embeddable":true,"href":"https:\/\/radiocresatelital.com\/index.php?rest_route=%2Fwp%2Fv2%2Ftags&post=9627"}],"curies":[{"name":"wp","href":"https:\/\/api.w.org\/{rel}","templated":true}]}}