{"id":9622,"date":"2024-01-09T16:03:40","date_gmt":"2024-01-09T16:03:40","guid":{"rendered":"https:\/\/radiocresatelital.com\/?p=9622"},"modified":"2024-01-09T18:36:13","modified_gmt":"2024-01-09T18:36:13","slug":"incendian-bus-escolar-en-la-isla-trinitaria","status":"publish","type":"post","link":"https:\/\/radiocresatelital.com\/?p=9622","title":{"rendered":"Incendian bus escolar en la Isla Trinitaria"},"content":{"rendered":"<p><span class=\"css-1qaijid r-bcqeeo r-qvutc0 r-poiln3\">Guayaquil.- Anoche, al sur de la ciudad, cerca del mercado de la Isla Trinitaria, en la Cooperativa Desarrollo Comunal, un bus tipo expreso escolar, fue incinerado por un grupo de delincuentes.<\/span><\/p>\n<p><span class=\"css-1qaijid r-bcqeeo r-qvutc0 r-poiln3\">Los delincuentes obligaron a bajar al conductor antes de prender fuego al veh\u00edculo, no se han reportado v\u00edctimas, pero hay mucha confusi\u00f3n al respecto, ya que ninguna de las personas del sector quiere hablar al respecto. <\/span><span class=\"css-1qaijid r-bcqeeo r-qvutc0 r-poiln3\">Se desconce si se trato de otro hecho m\u00e1s para romper la tranquilidad de la ciudad, tal como ocurri\u00f3 en muchas otras ciudades del pa\u00eds o es alg\u00fan tipo de represalia por el no pago de las extorsiones. <\/span><\/p>\n<p><span class=\"css-1qaijid r-bcqeeo r-qvutc0 r-poiln3\">Lo cierto es que los padres de familia, temen por la integridad de sus hijos y solicitan a las autoridades la suspensi\u00f3n de las clases presenciales.<\/span><\/p>\n<p><a href=\"https:\/\/x.com\/Cupsfire_gye\/status\/1744628780763578675?s=20\">https:\/\/x.com\/Cupsfire_gye\/status\/1744628780763578675?s=20<\/a><\/p>\n","protected":false},"excerpt":{"rendered":"<p>Guayaquil.- Anoche, al sur de la ciudad, cerca del mercado de la Isla Trinitaria, en la Cooperativa Desarrollo Comunal, un bus tipo expreso escolar, fue incinerado por un grupo de delincuentes. Los delincuentes obligaron a bajar al conductor antes de prender fuego al veh\u00edculo, no se han reportado v\u00edctimas, pero hay mucha confusi\u00f3n al respecto, [&hellip;]<\/p>\n","protected":false},"author":3,"featured_media":9625,"comment_status":"open","ping_status":"closed","sticky":false,"template":"","format":"standard","meta":{"_jetpack_memberships_contains_paid_content":false,"footnotes":""},"categories":[13],"tags":[890,1542],"class_list":["post-9622","post","type-post","status-publish","format-standard","has-post-thumbnail","hentry","category-noticias-nacionales","tag-incendian-bus","tag-isla-trinitaria"],"jetpack_featured_media_url":"https:\/\/radiocresatelital.com\/wp-content\/uploads\/2024\/01\/bus-incinerado.jpeg","jetpack_sharing_enabled":true,"_links":{"self":[{"href":"https:\/\/radiocresatelital.com\/index.php?rest_route=\/wp\/v2\/posts\/9622","targetHints":{"allow":["GET"]}}],"collection":[{"href":"https:\/\/radiocresatelital.com\/index.php?rest_route=\/wp\/v2\/posts"}],"about":[{"href":"https:\/\/radiocresatelital.com\/index.php?rest_route=\/wp\/v2\/types\/post"}],"author":[{"embeddable":true,"href":"https:\/\/radiocresatelital.com\/index.php?rest_route=\/wp\/v2\/users\/3"}],"replies":[{"embeddable":true,"href":"https:\/\/radiocresatelital.com\/index.php?rest_route=%2Fwp%2Fv2%2Fcomments&post=9622"}],"version-history":[{"count":2,"href":"https:\/\/radiocresatelital.com\/index.php?rest_route=\/wp\/v2\/posts\/9622\/revisions"}],"predecessor-version":[{"id":9641,"href":"https:\/\/radiocresatelital.com\/index.php?rest_route=\/wp\/v2\/posts\/9622\/revisions\/9641"}],"wp:featuredmedia":[{"embeddable":true,"href":"https:\/\/radiocresatelital.com\/index.php?rest_route=\/wp\/v2\/media\/9625"}],"wp:attachment":[{"href":"https:\/\/radiocresatelital.com\/index.php?rest_route=%2Fwp%2Fv2%2Fmedia&parent=9622"}],"wp:term":[{"taxonomy":"category","embeddable":true,"href":"https:\/\/radiocresatelital.com\/index.php?rest_route=%2Fwp%2Fv2%2Fcategories&post=9622"},{"taxonomy":"post_tag","embeddable":true,"href":"https:\/\/radiocresatelital.com\/index.php?rest_route=%2Fwp%2Fv2%2Ftags&post=9622"}],"curies":[{"name":"wp","href":"https:\/\/api.w.org\/{rel}","templated":true}]}}