{"id":9619,"date":"2024-01-09T15:52:12","date_gmt":"2024-01-09T15:52:12","guid":{"rendered":"https:\/\/radiocresatelital.com\/?p=9619"},"modified":"2024-01-09T18:35:38","modified_gmt":"2024-01-09T18:35:38","slug":"suspenden-clases-presenciales-de-instituciones-cercanas-a-las-carceles-padres-piden-clases-on-line-en-todo-el-pais","status":"publish","type":"post","link":"https:\/\/radiocresatelital.com\/?p=9619","title":{"rendered":"Suspenden clases presenciales de instituciones cercanas a las c\u00e1rceles, padres piden clases on line en todo el pa\u00eds"},"content":{"rendered":"<p>Quito. El <strong>Ministerio de Educaci\u00f3n comunic\u00f3 que ha dispuesto suspender las<\/strong> clases presenciales en establecimientos cercanos a las c\u00e1rceles a nivel nacionaly explic\u00f3 que el objetivo es \u00abprecautelar la <strong>seguridad\u00a0<\/strong>de nuestras comunidades educativas\u00bb.<\/p>\n<p>Entre las coordinaciones zonales y las direcciones distritales han articulado con la <strong>Polic\u00eda\u00a0<\/strong>Nacional y Gobernaciones para determinar el\u00a0<strong>riesgo\u00a0<\/strong>en las unidades educativas, pero se desconoce cuales son las unidades educativas que pasaran a clases on line.<\/p>\n<p>El Ministerio de Educaci\u00f3n recuerda que esta ser\u00e1 una medida temporal y focalizada. Sin embargo, hay padres de familia que piden que la medida sea generalizada despu\u00e9s de la noche de violencia que ha soportado todo el pa\u00eds.<\/p>\n","protected":false},"excerpt":{"rendered":"<p>Quito. El Ministerio de Educaci\u00f3n comunic\u00f3 que ha dispuesto suspender las clases presenciales en establecimientos cercanos a las c\u00e1rceles a nivel nacionaly explic\u00f3 que el objetivo es \u00abprecautelar la seguridad\u00a0de nuestras comunidades educativas\u00bb. Entre las coordinaciones zonales y las direcciones distritales han articulado con la Polic\u00eda\u00a0Nacional y Gobernaciones para determinar el\u00a0riesgo\u00a0en las unidades educativas, pero [&hellip;]<\/p>\n","protected":false},"author":3,"featured_media":9620,"comment_status":"open","ping_status":"closed","sticky":false,"template":"","format":"standard","meta":{"_jetpack_memberships_contains_paid_content":false,"footnotes":""},"categories":[13],"tags":[1657],"class_list":["post-9619","post","type-post","status-publish","format-standard","has-post-thumbnail","hentry","category-noticias-nacionales","tag-suspende-clases-presenciales"],"jetpack_featured_media_url":"https:\/\/radiocresatelital.com\/wp-content\/uploads\/2024\/01\/aula-de-clases.jpeg","jetpack_sharing_enabled":true,"_links":{"self":[{"href":"https:\/\/radiocresatelital.com\/index.php?rest_route=\/wp\/v2\/posts\/9619","targetHints":{"allow":["GET"]}}],"collection":[{"href":"https:\/\/radiocresatelital.com\/index.php?rest_route=\/wp\/v2\/posts"}],"about":[{"href":"https:\/\/radiocresatelital.com\/index.php?rest_route=\/wp\/v2\/types\/post"}],"author":[{"embeddable":true,"href":"https:\/\/radiocresatelital.com\/index.php?rest_route=\/wp\/v2\/users\/3"}],"replies":[{"embeddable":true,"href":"https:\/\/radiocresatelital.com\/index.php?rest_route=%2Fwp%2Fv2%2Fcomments&post=9619"}],"version-history":[{"count":1,"href":"https:\/\/radiocresatelital.com\/index.php?rest_route=\/wp\/v2\/posts\/9619\/revisions"}],"predecessor-version":[{"id":9621,"href":"https:\/\/radiocresatelital.com\/index.php?rest_route=\/wp\/v2\/posts\/9619\/revisions\/9621"}],"wp:featuredmedia":[{"embeddable":true,"href":"https:\/\/radiocresatelital.com\/index.php?rest_route=\/wp\/v2\/media\/9620"}],"wp:attachment":[{"href":"https:\/\/radiocresatelital.com\/index.php?rest_route=%2Fwp%2Fv2%2Fmedia&parent=9619"}],"wp:term":[{"taxonomy":"category","embeddable":true,"href":"https:\/\/radiocresatelital.com\/index.php?rest_route=%2Fwp%2Fv2%2Fcategories&post=9619"},{"taxonomy":"post_tag","embeddable":true,"href":"https:\/\/radiocresatelital.com\/index.php?rest_route=%2Fwp%2Fv2%2Ftags&post=9619"}],"curies":[{"name":"wp","href":"https:\/\/api.w.org\/{rel}","templated":true}]}}