{"id":9617,"date":"2024-01-09T15:41:09","date_gmt":"2024-01-09T15:41:09","guid":{"rendered":"https:\/\/radiocresatelital.com\/?p=9617"},"modified":"2024-01-09T18:34:57","modified_gmt":"2024-01-09T18:34:57","slug":"detonan-explosivo-afuera-de-la-casa-del-presidente-de-la-corte-nacional-de-justicia","status":"publish","type":"post","link":"https:\/\/radiocresatelital.com\/?p=9617","title":{"rendered":"Detonan explosivo afuera de la casa del Presidente de la Corte Nacional de Justicia"},"content":{"rendered":"<p>Quito.- El Presidente de la Corte Nacional de Justicia, Dr. Iv\u00e1n Saquicela, confirm\u00f3 que anoche, 8 de Enero, explot\u00f3 un artefacto en las afueras de su vivienda en la capital de la Rep\u00fablica. Aunque la ciudad de Quito, al igual que el resto del pa\u00eds pas\u00f3 una noche de terror que ser\u00eda producto de las medidas que ha tomado el gobierno para controlar la delincuencia, el Dr. Saquicela maneja otra posibilidad.<\/p>\n<p>El jurisconsulto, resalt\u00f3 que este \u00abatentado-advertencia\u00bb <strong>\u00a0ocurre\u00a0<\/strong>tras la\u00a0<strong>disposici\u00f3n de localizar y capturar<\/strong>\u00a0a<strong>\u00a0Daniel Salcedo y Javier Jord\u00e1n<\/strong>, vinculados en el caso\u00a0<strong>Met\u00e1stasis<\/strong>.<\/p>\n<p>As\u00ed mismo, Saquicela se\u00f1al\u00f3 que ni \u00e9l ni ning\u00fan miembro de su familia sufrieron da\u00f1o alguno luego de la detonaci\u00f3n.<\/p>\n","protected":false},"excerpt":{"rendered":"<p>Quito.- El Presidente de la Corte Nacional de Justicia, Dr. Iv\u00e1n Saquicela, confirm\u00f3 que anoche, 8 de Enero, explot\u00f3 un artefacto en las afueras de su vivienda en la capital de la Rep\u00fablica. Aunque la ciudad de Quito, al igual que el resto del pa\u00eds pas\u00f3 una noche de terror que ser\u00eda producto de las [&hellip;]<\/p>\n","protected":false},"author":3,"featured_media":4379,"comment_status":"open","ping_status":"closed","sticky":false,"template":"","format":"standard","meta":{"_jetpack_memberships_contains_paid_content":false,"footnotes":""},"categories":[13],"tags":[1656],"class_list":["post-9617","post","type-post","status-publish","format-standard","has-post-thumbnail","hentry","category-noticias-nacionales","tag-detonan-explosivo"],"jetpack_featured_media_url":"https:\/\/radiocresatelital.com\/wp-content\/uploads\/2023\/09\/ivan-saquicela.jpg","jetpack_sharing_enabled":true,"_links":{"self":[{"href":"https:\/\/radiocresatelital.com\/index.php?rest_route=\/wp\/v2\/posts\/9617","targetHints":{"allow":["GET"]}}],"collection":[{"href":"https:\/\/radiocresatelital.com\/index.php?rest_route=\/wp\/v2\/posts"}],"about":[{"href":"https:\/\/radiocresatelital.com\/index.php?rest_route=\/wp\/v2\/types\/post"}],"author":[{"embeddable":true,"href":"https:\/\/radiocresatelital.com\/index.php?rest_route=\/wp\/v2\/users\/3"}],"replies":[{"embeddable":true,"href":"https:\/\/radiocresatelital.com\/index.php?rest_route=%2Fwp%2Fv2%2Fcomments&post=9617"}],"version-history":[{"count":1,"href":"https:\/\/radiocresatelital.com\/index.php?rest_route=\/wp\/v2\/posts\/9617\/revisions"}],"predecessor-version":[{"id":9618,"href":"https:\/\/radiocresatelital.com\/index.php?rest_route=\/wp\/v2\/posts\/9617\/revisions\/9618"}],"wp:featuredmedia":[{"embeddable":true,"href":"https:\/\/radiocresatelital.com\/index.php?rest_route=\/wp\/v2\/media\/4379"}],"wp:attachment":[{"href":"https:\/\/radiocresatelital.com\/index.php?rest_route=%2Fwp%2Fv2%2Fmedia&parent=9617"}],"wp:term":[{"taxonomy":"category","embeddable":true,"href":"https:\/\/radiocresatelital.com\/index.php?rest_route=%2Fwp%2Fv2%2Fcategories&post=9617"},{"taxonomy":"post_tag","embeddable":true,"href":"https:\/\/radiocresatelital.com\/index.php?rest_route=%2Fwp%2Fv2%2Ftags&post=9617"}],"curies":[{"name":"wp","href":"https:\/\/api.w.org\/{rel}","templated":true}]}}