{"id":9613,"date":"2024-01-09T15:31:09","date_gmt":"2024-01-09T15:31:09","guid":{"rendered":"https:\/\/radiocresatelital.com\/?p=9613"},"modified":"2024-01-09T18:34:20","modified_gmt":"2024-01-09T18:34:20","slug":"la-fiscal-general-de-la-nacion-esta-protegida-asegura-roberto-izurieta-aproposito-del-escape-de-fabricio-pico","status":"publish","type":"post","link":"https:\/\/radiocresatelital.com\/?p=9613","title":{"rendered":"La Fiscal General de la Naci\u00f3n est\u00e1 protegida, asegura Roberto Izurieta, aprop\u00f3sito del escape de Fabricio Pico"},"content":{"rendered":"<p>Quito.- La Fiscal General de la Naci\u00f3n tiene niveles de protecci\u00f3n casi 100% equivalentes, a los que tiene el presidente de la Rep\u00fablica, dijo el Secretario de Comunicaci\u00f3n Roberto Izurieta.<\/p>\n<p>\u00abElla esta protegida. El gobierno nacional ha sido claro, desde antes de la operaci\u00f3n Met\u00e1stasis le dio la protecci\u00f3n necesaria para que cumpla a cabalidad con su labor\u00bb, indic\u00f3 el vocero de gobierno.<\/p>\n<p>Estas declaraciones las dio en Teleamazonas luego de conocerse que Fabricio Col\u00f3n Pico, delincuente de alta peligrosidad, quien estar\u00eda \u00aba cargo\u00bb de eliminar a la Dra. Diana Salazar, se escap\u00f3 durante la madrugada de la c\u00e1rcel de Riobamba.<\/p>\n","protected":false},"excerpt":{"rendered":"<p>Quito.- La Fiscal General de la Naci\u00f3n tiene niveles de protecci\u00f3n casi 100% equivalentes, a los que tiene el presidente de la Rep\u00fablica, dijo el Secretario de Comunicaci\u00f3n Roberto Izurieta. \u00abElla esta protegida. El gobierno nacional ha sido claro, desde antes de la operaci\u00f3n Met\u00e1stasis le dio la protecci\u00f3n necesaria para que cumpla a cabalidad [&hellip;]<\/p>\n","protected":false},"author":3,"featured_media":9614,"comment_status":"open","ping_status":"closed","sticky":false,"template":"","format":"standard","meta":{"_jetpack_memberships_contains_paid_content":false,"footnotes":""},"categories":[13],"tags":[1479],"class_list":["post-9613","post","type-post","status-publish","format-standard","has-post-thumbnail","hentry","category-noticias-nacionales","tag-fiscalia-general-del-estado"],"jetpack_featured_media_url":"https:\/\/radiocresatelital.com\/wp-content\/uploads\/2024\/01\/fabricio-pico-1.jpeg","jetpack_sharing_enabled":true,"_links":{"self":[{"href":"https:\/\/radiocresatelital.com\/index.php?rest_route=\/wp\/v2\/posts\/9613","targetHints":{"allow":["GET"]}}],"collection":[{"href":"https:\/\/radiocresatelital.com\/index.php?rest_route=\/wp\/v2\/posts"}],"about":[{"href":"https:\/\/radiocresatelital.com\/index.php?rest_route=\/wp\/v2\/types\/post"}],"author":[{"embeddable":true,"href":"https:\/\/radiocresatelital.com\/index.php?rest_route=\/wp\/v2\/users\/3"}],"replies":[{"embeddable":true,"href":"https:\/\/radiocresatelital.com\/index.php?rest_route=%2Fwp%2Fv2%2Fcomments&post=9613"}],"version-history":[{"count":2,"href":"https:\/\/radiocresatelital.com\/index.php?rest_route=\/wp\/v2\/posts\/9613\/revisions"}],"predecessor-version":[{"id":9616,"href":"https:\/\/radiocresatelital.com\/index.php?rest_route=\/wp\/v2\/posts\/9613\/revisions\/9616"}],"wp:featuredmedia":[{"embeddable":true,"href":"https:\/\/radiocresatelital.com\/index.php?rest_route=\/wp\/v2\/media\/9614"}],"wp:attachment":[{"href":"https:\/\/radiocresatelital.com\/index.php?rest_route=%2Fwp%2Fv2%2Fmedia&parent=9613"}],"wp:term":[{"taxonomy":"category","embeddable":true,"href":"https:\/\/radiocresatelital.com\/index.php?rest_route=%2Fwp%2Fv2%2Fcategories&post=9613"},{"taxonomy":"post_tag","embeddable":true,"href":"https:\/\/radiocresatelital.com\/index.php?rest_route=%2Fwp%2Fv2%2Ftags&post=9613"}],"curies":[{"name":"wp","href":"https:\/\/api.w.org\/{rel}","templated":true}]}}