{"id":9610,"date":"2024-01-09T15:14:18","date_gmt":"2024-01-09T15:14:18","guid":{"rendered":"https:\/\/radiocresatelital.com\/?p=9610"},"modified":"2024-01-09T18:33:49","modified_gmt":"2024-01-09T18:33:49","slug":"delincuencia-cumplio-lo-advertido-ataco-varias-ciudades-del-pais-secuestro-policias-y-libero-presos-de-alta-peligrosidad","status":"publish","type":"post","link":"https:\/\/radiocresatelital.com\/?p=9610","title":{"rendered":"Delincuencia cumpli\u00f3 lo advertido: Atac\u00f3 varias ciudades del pa\u00eds, secuestro polic\u00edas y liber\u00f3 presos de alta peligrosidad"},"content":{"rendered":"<p>Guayaquil.- Varias ciudades del pa\u00eds vivieron una noche de terror. En Quito se incendiaron tres veh\u00edculos, se deton\u00f3 una bomba en el puente peatonal de la Ave. General Rumi\u00f1ahui y seg\u00fan rueda un video en las redes sociales, se captur\u00f3 en Calder\u00f3n y se dispar\u00f3 contra el mismo, en el video no se distingue si es alrededor del gerdamen o contra su humanidad, luego de obligarlo a pedirle al presidente Noboa que pare los operativos contra la delincuencia.<\/p>\n<p>En Esmeraldas incendiaron varios veh\u00edculos, incluso, dos de ellos dentro de una gasolinera, con la expresa intenci\u00f3n de causar un da\u00f1o mayor. Pese a que las calles estaban resguardadas por militares y polic\u00edas, hubo algunos conatos de incidentes con la delincuencia.<\/p>\n<p>Cuenca tambi\u00e9n sufri\u00f3 las consecuencias de una noche violenta, pues hubo varios incendios provocados por los antisociales.<\/p>\n<p>Por su parte, Loja estuvo bajo ataque, soportando varias explosiones durante la noche<\/p>\n<p>Pero tal vez en Riobamba fue donde se dieron los hechos m\u00e1s significativos, ya que se escaparon varios reclusos de la c\u00e1rcel, entre ellos uno de los cabecillas de Los Lobos, Fabricio Col\u00f3n Pico, quien es acusado de ser la persona encargada de acabar con la vida de la Fiscal General de la Naci\u00f3n, Dra. Diana Salazar.<\/p>\n<p>Ya en horas de la ma\u00f1ana la Amazon\u00eda no se salv\u00f3 de la guerra que ha declarado la delilncuencia contra el estado y dos polic\u00edas fueron heridos cerca de una gasolinera en La Joya de los Sachas.<\/p>\n<p><a href=\"https:\/\/x.com\/MinMedio\/status\/1744511274107494542?s=20\">https:\/\/x.com\/MinMedio\/status\/1744511274107494542?s=20<\/a> Esmeraldas<\/p>\n<p><a href=\"https:\/\/x.com\/MinMedio\/status\/1744516491272237409?s=20\">https:\/\/x.com\/MinMedio\/status\/1744516491272237409?s=20<\/a> Tonsupa<\/p>\n<p><a href=\"https:\/\/x.com\/MinMedio\/status\/1744568172492038369?s=20\">https:\/\/x.com\/MinMedio\/status\/1744568172492038369?s=20<\/a> Polic\u00eda secuestrado en Quito<\/p>\n<p><a href=\"https:\/\/x.com\/MinMedio\/status\/1744685575788015658?s=20\">https:\/\/x.com\/MinMedio\/status\/1744685575788015658?s=20<\/a> Polic\u00edas secuestrados en Puerto Bol\u00edvar<\/p>\n<p><a href=\"https:\/\/x.com\/wenewsec\/status\/1744675511790371217?s=20\">https:\/\/x.com\/wenewsec\/status\/1744675511790371217?s=20<\/a><\/p>\n","protected":false},"excerpt":{"rendered":"<p>Guayaquil.- Varias ciudades del pa\u00eds vivieron una noche de terror. En Quito se incendiaron tres veh\u00edculos, se deton\u00f3 una bomba en el puente peatonal de la Ave. General Rumi\u00f1ahui y seg\u00fan rueda un video en las redes sociales, se captur\u00f3 en Calder\u00f3n y se dispar\u00f3 contra el mismo, en el video no se distingue si [&hellip;]<\/p>\n","protected":false},"author":3,"featured_media":9611,"comment_status":"open","ping_status":"closed","sticky":false,"template":"","format":"standard","meta":{"_jetpack_memberships_contains_paid_content":false,"footnotes":""},"categories":[13],"tags":[1655],"class_list":["post-9610","post","type-post","status-publish","format-standard","has-post-thumbnail","hentry","category-noticias-nacionales","tag-noche-de-terror"],"jetpack_featured_media_url":"https:\/\/radiocresatelital.com\/wp-content\/uploads\/2024\/01\/delincuentes.jpeg","jetpack_sharing_enabled":true,"_links":{"self":[{"href":"https:\/\/radiocresatelital.com\/index.php?rest_route=\/wp\/v2\/posts\/9610","targetHints":{"allow":["GET"]}}],"collection":[{"href":"https:\/\/radiocresatelital.com\/index.php?rest_route=\/wp\/v2\/posts"}],"about":[{"href":"https:\/\/radiocresatelital.com\/index.php?rest_route=\/wp\/v2\/types\/post"}],"author":[{"embeddable":true,"href":"https:\/\/radiocresatelital.com\/index.php?rest_route=\/wp\/v2\/users\/3"}],"replies":[{"embeddable":true,"href":"https:\/\/radiocresatelital.com\/index.php?rest_route=%2Fwp%2Fv2%2Fcomments&post=9610"}],"version-history":[{"count":2,"href":"https:\/\/radiocresatelital.com\/index.php?rest_route=\/wp\/v2\/posts\/9610\/revisions"}],"predecessor-version":[{"id":9640,"href":"https:\/\/radiocresatelital.com\/index.php?rest_route=\/wp\/v2\/posts\/9610\/revisions\/9640"}],"wp:featuredmedia":[{"embeddable":true,"href":"https:\/\/radiocresatelital.com\/index.php?rest_route=\/wp\/v2\/media\/9611"}],"wp:attachment":[{"href":"https:\/\/radiocresatelital.com\/index.php?rest_route=%2Fwp%2Fv2%2Fmedia&parent=9610"}],"wp:term":[{"taxonomy":"category","embeddable":true,"href":"https:\/\/radiocresatelital.com\/index.php?rest_route=%2Fwp%2Fv2%2Fcategories&post=9610"},{"taxonomy":"post_tag","embeddable":true,"href":"https:\/\/radiocresatelital.com\/index.php?rest_route=%2Fwp%2Fv2%2Ftags&post=9610"}],"curies":[{"name":"wp","href":"https:\/\/api.w.org\/{rel}","templated":true}]}}