{"id":9448,"date":"2024-01-04T16:46:43","date_gmt":"2024-01-04T16:46:43","guid":{"rendered":"https:\/\/radiocresatelital.com\/?p=9448"},"modified":"2024-01-04T16:47:19","modified_gmt":"2024-01-04T16:47:19","slug":"deslizamiento-en-tulcan-heridos-desaparecidos-un-fallecido-familias-y-viviendas-afectadas","status":"publish","type":"post","link":"https:\/\/radiocresatelital.com\/?p=9448","title":{"rendered":"Deslizamiento en Tulc\u00e1n: Heridos, desaparecidos, un fallecido, familias y viviendas afectadas"},"content":{"rendered":"<p>Tulc\u00e1n.- Producto de las fuertes lluvias registradas, la madrugada de este jueves 4 de enero, se produjo un deslizamiento de gran magnitud en el sector La Cascada, ubicado entre La Gua\u00f1a y San Marcos de la parroquia El Chical, cant\u00f3n Tulc\u00e1n, en la provincia del Carchi, afectando gran parte de la poblaci\u00f3n, y dej\u00e1ndolo sin energ\u00eda el\u00e9ctrica al sector.<\/p>\n<p>La Secretar\u00eda de Gesti\u00f3n de Riesgos (SGR) coordina acciones junto a las instituciones de respuesta para la atenci\u00f3n inmediata de la emergencia.<\/p>\n<p>Al momento se reporta:<br \/>\n\u2013 7 personas rescatadas con vida<br \/>\n\u2013 5 personas heridas<br \/>\n\u2013 2 personas desaparecidas<br \/>\n\u2013 1 persona fallecida<br \/>\n\u2013 8 familias afectadas (32 personas)<br \/>\n\u2013 2 viviendas destruidas<br \/>\n\u2013 1 bien p\u00fablico afectado (servicio el\u00e9ctrico).<\/p>\n<p>Personal de la Unidad de Gesti\u00f3n de Riesgos de Tulc\u00e1n est\u00e1 en territorio junto a t\u00e9cnicos de la SGR, Ministerio de Salud P\u00fablica (MSP), Polic\u00eda Nacional y Fuerzas Armadas para la atenci\u00f3n de las personas afectadas y levantamiento de informaci\u00f3n.<\/p>\n<p>Por su parte, el Cuerpo de Bomberos no ha podido ingresar al lugar debido a varios deslizamientos que existen en la v\u00eda que conduce hasta el lugar.<\/p>\n<p>El alcalde de Tulc\u00e1n, Andr\u00e9s Ruano, convoc\u00f3 a la reuni\u00f3n del Comit\u00e9 de Operaciones de Emergencia (COE) para articular acciones integrales para la atenci\u00f3n prioritaria de las familias afectadas, por unanimidad donde se resolvi\u00f3:<br \/>\nMantener activo el COE cantonal Tulc\u00e1n para estar vigilantes ante posibles movimientos de tierras o desastres naturales en el sector de la Gua\u00f1a, San Marco, de la parroquia de El Chical.<\/p>\n<p>Adem\u00e1s se solicit\u00f3 al Comando conjunto de las Fuerzas Armadas la colaboraci\u00f3n de un helic\u00f3ptero para el ingreso de alimentaci\u00f3n, asistencia humanitaria y socorro a las personas heridas.<\/p>\n<p>Paralelamente se dispuso al GAD municipal del Tulc\u00e1n la utilizaci\u00f3n de su flota vehicular para traslado a miembros del Ej\u00e9rcito Ecuatoriano y por parte del Ministerio de Obras P\u00fablicas que se mantenga en buen estado la v\u00eda que conduce Tulc\u00e1n \u2013 El Chical \u2013 La Gua\u00f1a, adem\u00e1s de la realizaci\u00f3n de tr\u00e1mites para instalar un puente Bailey sobre el r\u00edo la Gua\u00f1a; y con ello coordinar con t\u00e9cnicos del GAD Tulc\u00e1n el levantamiento topogr\u00e1fico del sector para su respectiva instalaci\u00f3n.<\/p>\n<p>El GAD Municipal de Tulc\u00e1n, SGR, MIES, Cruz Roja y Cooperaci\u00f3n Internacional articular\u00e1n la entrega de asistencia humanitaria para atender a la poblaci\u00f3n afectada.<\/p>\n<p>Dentro de las resoluciones del COE, tambi\u00e9n se contempl\u00f3, disponer a EmelNorte la rehabilitaci\u00f3n del Servicio de Energ\u00eda El\u00e9ctrica de forma inmediata.<\/p>\n<p>El COE cantonal se volver\u00e1 a reunir el d\u00eda 5 de enero del 2024 a las 08h00 am para an\u00e1lisis de los informes generados por las Mesas T\u00e9cnicas de Trabajo cantonales.<\/p>\n<p><img decoding=\"async\" src=\"https:\/\/pbs.twimg.com\/media\/GDAlgKkbgAA9SrO?format=jpg&amp;name=small\" alt=\"Imagen\" \/><\/p>\n<p><a href=\"https:\/\/x.com\/wenewsec\/status\/1742944402564174236?s=20\">https:\/\/x.com\/wenewsec\/status\/1742944402564174236?s=20<\/a><\/p>\n","protected":false},"excerpt":{"rendered":"<p>Tulc\u00e1n.- Producto de las fuertes lluvias registradas, la madrugada de este jueves 4 de enero, se produjo un deslizamiento de gran magnitud en el sector La Cascada, ubicado entre La Gua\u00f1a y San Marcos de la parroquia El Chical, cant\u00f3n Tulc\u00e1n, en la provincia del Carchi, afectando gran parte de la poblaci\u00f3n, y dej\u00e1ndolo sin [&hellip;]<\/p>\n","protected":false},"author":3,"featured_media":9449,"comment_status":"open","ping_status":"closed","sticky":false,"template":"","format":"standard","meta":{"_jetpack_memberships_contains_paid_content":false,"footnotes":""},"categories":[13],"tags":[],"class_list":["post-9448","post","type-post","status-publish","format-standard","has-post-thumbnail","hentry","category-noticias-nacionales"],"jetpack_featured_media_url":"https:\/\/radiocresatelital.com\/wp-content\/uploads\/2024\/01\/deslizamientos-tulcan.jpeg","jetpack_sharing_enabled":true,"_links":{"self":[{"href":"https:\/\/radiocresatelital.com\/index.php?rest_route=\/wp\/v2\/posts\/9448","targetHints":{"allow":["GET"]}}],"collection":[{"href":"https:\/\/radiocresatelital.com\/index.php?rest_route=\/wp\/v2\/posts"}],"about":[{"href":"https:\/\/radiocresatelital.com\/index.php?rest_route=\/wp\/v2\/types\/post"}],"author":[{"embeddable":true,"href":"https:\/\/radiocresatelital.com\/index.php?rest_route=\/wp\/v2\/users\/3"}],"replies":[{"embeddable":true,"href":"https:\/\/radiocresatelital.com\/index.php?rest_route=%2Fwp%2Fv2%2Fcomments&post=9448"}],"version-history":[{"count":2,"href":"https:\/\/radiocresatelital.com\/index.php?rest_route=\/wp\/v2\/posts\/9448\/revisions"}],"predecessor-version":[{"id":9451,"href":"https:\/\/radiocresatelital.com\/index.php?rest_route=\/wp\/v2\/posts\/9448\/revisions\/9451"}],"wp:featuredmedia":[{"embeddable":true,"href":"https:\/\/radiocresatelital.com\/index.php?rest_route=\/wp\/v2\/media\/9449"}],"wp:attachment":[{"href":"https:\/\/radiocresatelital.com\/index.php?rest_route=%2Fwp%2Fv2%2Fmedia&parent=9448"}],"wp:term":[{"taxonomy":"category","embeddable":true,"href":"https:\/\/radiocresatelital.com\/index.php?rest_route=%2Fwp%2Fv2%2Fcategories&post=9448"},{"taxonomy":"post_tag","embeddable":true,"href":"https:\/\/radiocresatelital.com\/index.php?rest_route=%2Fwp%2Fv2%2Ftags&post=9448"}],"curies":[{"name":"wp","href":"https:\/\/api.w.org\/{rel}","templated":true}]}}