{"id":9444,"date":"2024-01-04T16:18:35","date_gmt":"2024-01-04T16:18:35","guid":{"rendered":"https:\/\/radiocresatelital.com\/?p=9444"},"modified":"2024-01-04T16:18:35","modified_gmt":"2024-01-04T16:18:35","slug":"fuerte-accidente-de-transito-entre-un-bus-y-dos-camiones-en-la-via-gualaquiza-cuenca","status":"publish","type":"post","link":"https:\/\/radiocresatelital.com\/?p=9444","title":{"rendered":"Fuerte accidente de tr\u00e1nsito entre un bus y dos camiones en la v\u00eda Gualaquiza-Cuenca"},"content":{"rendered":"<p>Cuenca.- Un bus interprovincial lleno de pasajeros, que esta ma\u00f1ana se dirig\u00eda desde Gualaquiza hasta Cuenca, se impacto contra un cami\u00f3n cargado de mercader\u00eda que a su vez, se choc\u00f3 contra otro veh\u00edculo pesado que estaba delante.<\/p>\n<p>Hasta el momento se conoce que hay 10 heridos de diferente gravedad, quienes fueron llevados a casas de salud por los organismos de socorro una vez que llegaron al lugar del choque, en el sector de la Estaci\u00f3n de Servicio Miravalle.<\/p>\n<p>El fuerte siniestro de tr\u00e1nsito fue alertado a trav\u00e9s del sistema ECU 911 que alert\u00f3 a las instituciones de ayuda, llegando de inmediato el Cuerpo de\u00a0<strong>Bomberos\u00a0<\/strong>de Cuenca, el Instituto Ecuatoriano de Seguridad Social<strong>, <\/strong>el Ministerio de\u00a0<strong>Salud\u00a0<\/strong>y la Empresa P\u00fablica de<strong>\u00a0Movilidad<\/strong>\u00a0de Cuenca.<\/p>\n","protected":false},"excerpt":{"rendered":"<p>Cuenca.- Un bus interprovincial lleno de pasajeros, que esta ma\u00f1ana se dirig\u00eda desde Gualaquiza hasta Cuenca, se impacto contra un cami\u00f3n cargado de mercader\u00eda que a su vez, se choc\u00f3 contra otro veh\u00edculo pesado que estaba delante. Hasta el momento se conoce que hay 10 heridos de diferente gravedad, quienes fueron llevados a casas de [&hellip;]<\/p>\n","protected":false},"author":3,"featured_media":9445,"comment_status":"open","ping_status":"closed","sticky":false,"template":"","format":"standard","meta":{"_jetpack_memberships_contains_paid_content":false,"footnotes":""},"categories":[13],"tags":[],"class_list":["post-9444","post","type-post","status-publish","format-standard","has-post-thumbnail","hentry","category-noticias-nacionales"],"jetpack_featured_media_url":"https:\/\/radiocresatelital.com\/wp-content\/uploads\/2024\/01\/accidente-cuenca-gualaquiza.jpeg","jetpack_sharing_enabled":true,"_links":{"self":[{"href":"https:\/\/radiocresatelital.com\/index.php?rest_route=\/wp\/v2\/posts\/9444","targetHints":{"allow":["GET"]}}],"collection":[{"href":"https:\/\/radiocresatelital.com\/index.php?rest_route=\/wp\/v2\/posts"}],"about":[{"href":"https:\/\/radiocresatelital.com\/index.php?rest_route=\/wp\/v2\/types\/post"}],"author":[{"embeddable":true,"href":"https:\/\/radiocresatelital.com\/index.php?rest_route=\/wp\/v2\/users\/3"}],"replies":[{"embeddable":true,"href":"https:\/\/radiocresatelital.com\/index.php?rest_route=%2Fwp%2Fv2%2Fcomments&post=9444"}],"version-history":[{"count":1,"href":"https:\/\/radiocresatelital.com\/index.php?rest_route=\/wp\/v2\/posts\/9444\/revisions"}],"predecessor-version":[{"id":9447,"href":"https:\/\/radiocresatelital.com\/index.php?rest_route=\/wp\/v2\/posts\/9444\/revisions\/9447"}],"wp:featuredmedia":[{"embeddable":true,"href":"https:\/\/radiocresatelital.com\/index.php?rest_route=\/wp\/v2\/media\/9445"}],"wp:attachment":[{"href":"https:\/\/radiocresatelital.com\/index.php?rest_route=%2Fwp%2Fv2%2Fmedia&parent=9444"}],"wp:term":[{"taxonomy":"category","embeddable":true,"href":"https:\/\/radiocresatelital.com\/index.php?rest_route=%2Fwp%2Fv2%2Fcategories&post=9444"},{"taxonomy":"post_tag","embeddable":true,"href":"https:\/\/radiocresatelital.com\/index.php?rest_route=%2Fwp%2Fv2%2Ftags&post=9444"}],"curies":[{"name":"wp","href":"https:\/\/api.w.org\/{rel}","templated":true}]}}