{"id":9439,"date":"2024-01-04T15:16:25","date_gmt":"2024-01-04T15:16:25","guid":{"rendered":"https:\/\/radiocresatelital.com\/?p=9439"},"modified":"2024-01-04T17:19:53","modified_gmt":"2024-01-04T17:19:53","slug":"presidente-noboa-refuerza-anillo-de-seguridad-de-fiscal-salazar-y-su-familia","status":"publish","type":"post","link":"https:\/\/radiocresatelital.com\/?p=9439","title":{"rendered":"Presidente Noboa refuerza anillo de seguridad de Fiscal Salazar y su familia"},"content":{"rendered":"<p>Guayaquil.- El presidente del Ecuador, Daniel Noboa, en entrevista con una radio local, dijo que conversa constantemente con la Fiscal del Estado, Dra. Diana Salazar, a quien, debido a las amenazas que pesan sobre ella y su familia, les ha reforzado los anillos de seguridad\u00a0 (hermanos, mam\u00e1 e hija) con polic\u00edas y militares.<\/p>\n<p>\u00abEsta ma\u00f1ana orden\u00e9 que 3 cabecillas de Los Lobos, sean trasladados a La Roca\u00bb, dijo Noboa, luego de que ayer la Dra. Salazar identific\u00f3 p\u00fablicamente a Fabricio Col\u00f3n Pico, alias \u00abSalvaje\u00bb o \u00abCapitan Pico\u00bb, quien habr\u00eda sido contratado por el mismo grupo que mand\u00f3 a asesinar a Fernando Villavicencio para eliminarla.<\/p>\n<p>El porcentaje de riesgo de un atentado que tiene la Fiscal General del Estado, luego del caso Met\u00e1stasis es del 100% seg\u00fan la propia polic\u00eda.<\/p>\n<p>&nbsp;<\/p>\n","protected":false},"excerpt":{"rendered":"<p>Guayaquil.- El presidente del Ecuador, Daniel Noboa, en entrevista con una radio local, dijo que conversa constantemente con la Fiscal del Estado, Dra. Diana Salazar, a quien, debido a las amenazas que pesan sobre ella y su familia, les ha reforzado los anillos de seguridad\u00a0 (hermanos, mam\u00e1 e hija) con polic\u00edas y militares. \u00abEsta ma\u00f1ana [&hellip;]<\/p>\n","protected":false},"author":3,"featured_media":9457,"comment_status":"open","ping_status":"closed","sticky":false,"template":"","format":"standard","meta":{"_jetpack_memberships_contains_paid_content":false,"footnotes":""},"categories":[13],"tags":[1322],"class_list":["post-9439","post","type-post","status-publish","format-standard","has-post-thumbnail","hentry","category-noticias-nacionales","tag-presidente-daniel-noboa"],"jetpack_featured_media_url":"https:\/\/radiocresatelital.com\/wp-content\/uploads\/2024\/01\/daniel-noboa-consulta-popular-gobierno-2012024-1.jpg","jetpack_sharing_enabled":true,"_links":{"self":[{"href":"https:\/\/radiocresatelital.com\/index.php?rest_route=\/wp\/v2\/posts\/9439","targetHints":{"allow":["GET"]}}],"collection":[{"href":"https:\/\/radiocresatelital.com\/index.php?rest_route=\/wp\/v2\/posts"}],"about":[{"href":"https:\/\/radiocresatelital.com\/index.php?rest_route=\/wp\/v2\/types\/post"}],"author":[{"embeddable":true,"href":"https:\/\/radiocresatelital.com\/index.php?rest_route=\/wp\/v2\/users\/3"}],"replies":[{"embeddable":true,"href":"https:\/\/radiocresatelital.com\/index.php?rest_route=%2Fwp%2Fv2%2Fcomments&post=9439"}],"version-history":[{"count":2,"href":"https:\/\/radiocresatelital.com\/index.php?rest_route=\/wp\/v2\/posts\/9439\/revisions"}],"predecessor-version":[{"id":9456,"href":"https:\/\/radiocresatelital.com\/index.php?rest_route=\/wp\/v2\/posts\/9439\/revisions\/9456"}],"wp:featuredmedia":[{"embeddable":true,"href":"https:\/\/radiocresatelital.com\/index.php?rest_route=\/wp\/v2\/media\/9457"}],"wp:attachment":[{"href":"https:\/\/radiocresatelital.com\/index.php?rest_route=%2Fwp%2Fv2%2Fmedia&parent=9439"}],"wp:term":[{"taxonomy":"category","embeddable":true,"href":"https:\/\/radiocresatelital.com\/index.php?rest_route=%2Fwp%2Fv2%2Fcategories&post=9439"},{"taxonomy":"post_tag","embeddable":true,"href":"https:\/\/radiocresatelital.com\/index.php?rest_route=%2Fwp%2Fv2%2Ftags&post=9439"}],"curies":[{"name":"wp","href":"https:\/\/api.w.org\/{rel}","templated":true}]}}