{"id":9435,"date":"2024-01-04T01:53:27","date_gmt":"2024-01-04T01:53:27","guid":{"rendered":"https:\/\/radiocresatelital.com\/?p=9435"},"modified":"2024-01-04T01:53:27","modified_gmt":"2024-01-04T01:53:27","slug":"fiscal-salazar-pide-a-interpol-localizacion-y-captura-de-xavier-jordan-y-daniel-salcedo","status":"publish","type":"post","link":"https:\/\/radiocresatelital.com\/?p=9435","title":{"rendered":"Fiscal Salazar pide a INTERPOL localizaci\u00f3n y captura de Xavier Jord\u00e1n y Daniel Salcedo"},"content":{"rendered":"<p><span class=\"css-1qaijid r-bcqeeo r-qvutc0 r-poiln3\">Quito.- Diana Salazar, Fiscal General del Estado, pidi\u00f3 prisi\u00f3n preventiva para los 8 primeros sindicados en el caso Met\u00e1stasis, ellos son:<\/span><\/p>\n<p><span class=\"css-1qaijid r-bcqeeo r-qvutc0 r-poiln3\">Xavier Jord\u00e1n<\/span><\/p>\n<p><span class=\"css-1qaijid r-bcqeeo r-qvutc0 r-poiln3\">Daniel Salcedo<\/span><\/p>\n<p><span class=\"css-1qaijid r-bcqeeo r-qvutc0 r-poiln3\">Christian Romero<\/span><\/p>\n<p><span class=\"css-1qaijid r-bcqeeo r-qvutc0 r-poiln3\">Fabi\u00e1n Campuzano<\/span><\/p>\n<p><span class=\"css-1qaijid r-bcqeeo r-qvutc0 r-poiln3\">Carlos Zambrano<\/span><\/p>\n<p><span class=\"css-1qaijid r-bcqeeo r-qvutc0 r-poiln3\">V\u00edctor Zambrano<\/span><\/p>\n<p><span class=\"css-1qaijid r-bcqeeo r-qvutc0 r-poiln3\">Jairo Vargas<\/span><\/p>\n<p><span class=\"css-1qaijid r-bcqeeo r-qvutc0 r-poiln3\"> Fernando Garc\u00eda<\/span><\/p>\n<p>En el caso de Jord\u00e1n y Salcedo, la Fiscal adem\u00e1s solicit\u00f3 una orden internacional para que sea ejecutada por la Interpol. Jord\u00e1n por ser considerado una pieza clave en el entramado delincuencial liderado por Norero y Salcedo, a quien la fiscal acusa de estar fuera del pa\u00eds, espec\u00edficamente en Panam\u00e1.<\/p>\n<p>&nbsp;<\/p>\n<p>&nbsp;<\/p>\n","protected":false},"excerpt":{"rendered":"<p>Quito.- Diana Salazar, Fiscal General del Estado, pidi\u00f3 prisi\u00f3n preventiva para los 8 primeros sindicados en el caso Met\u00e1stasis, ellos son: Xavier Jord\u00e1n Daniel Salcedo Christian Romero Fabi\u00e1n Campuzano Carlos Zambrano V\u00edctor Zambrano Jairo Vargas Fernando Garc\u00eda En el caso de Jord\u00e1n y Salcedo, la Fiscal adem\u00e1s solicit\u00f3 una orden internacional para que sea ejecutada [&hellip;]<\/p>\n","protected":false},"author":3,"featured_media":9436,"comment_status":"open","ping_status":"closed","sticky":false,"template":"","format":"standard","meta":{"_jetpack_memberships_contains_paid_content":false,"footnotes":""},"categories":[13],"tags":[],"class_list":["post-9435","post","type-post","status-publish","format-standard","has-post-thumbnail","hentry","category-noticias-nacionales"],"jetpack_featured_media_url":"https:\/\/radiocresatelital.com\/wp-content\/uploads\/2024\/01\/jordan-y-salcedo.jpeg","jetpack_sharing_enabled":true,"_links":{"self":[{"href":"https:\/\/radiocresatelital.com\/index.php?rest_route=\/wp\/v2\/posts\/9435","targetHints":{"allow":["GET"]}}],"collection":[{"href":"https:\/\/radiocresatelital.com\/index.php?rest_route=\/wp\/v2\/posts"}],"about":[{"href":"https:\/\/radiocresatelital.com\/index.php?rest_route=\/wp\/v2\/types\/post"}],"author":[{"embeddable":true,"href":"https:\/\/radiocresatelital.com\/index.php?rest_route=\/wp\/v2\/users\/3"}],"replies":[{"embeddable":true,"href":"https:\/\/radiocresatelital.com\/index.php?rest_route=%2Fwp%2Fv2%2Fcomments&post=9435"}],"version-history":[{"count":1,"href":"https:\/\/radiocresatelital.com\/index.php?rest_route=\/wp\/v2\/posts\/9435\/revisions"}],"predecessor-version":[{"id":9437,"href":"https:\/\/radiocresatelital.com\/index.php?rest_route=\/wp\/v2\/posts\/9435\/revisions\/9437"}],"wp:featuredmedia":[{"embeddable":true,"href":"https:\/\/radiocresatelital.com\/index.php?rest_route=\/wp\/v2\/media\/9436"}],"wp:attachment":[{"href":"https:\/\/radiocresatelital.com\/index.php?rest_route=%2Fwp%2Fv2%2Fmedia&parent=9435"}],"wp:term":[{"taxonomy":"category","embeddable":true,"href":"https:\/\/radiocresatelital.com\/index.php?rest_route=%2Fwp%2Fv2%2Fcategories&post=9435"},{"taxonomy":"post_tag","embeddable":true,"href":"https:\/\/radiocresatelital.com\/index.php?rest_route=%2Fwp%2Fv2%2Ftags&post=9435"}],"curies":[{"name":"wp","href":"https:\/\/api.w.org\/{rel}","templated":true}]}}