{"id":9432,"date":"2024-01-04T01:21:24","date_gmt":"2024-01-04T01:21:24","guid":{"rendered":"https:\/\/radiocresatelital.com\/?p=9432"},"modified":"2024-01-04T17:06:52","modified_gmt":"2024-01-04T17:06:52","slug":"diana-salazar-los-mismos-que-mataron-a-villavicencio-contrataron-un-delincuente-para-asesinarme","status":"publish","type":"post","link":"https:\/\/radiocresatelital.com\/?p=9432","title":{"rendered":"Diana Salazar: los mismos que mataron a Villavicencio contrataron un delincuente para asesinarme"},"content":{"rendered":"<p><span class=\"css-1qaijid r-bcqeeo r-qvutc0 r-poiln3\">Quito.-| La Fiscal General del Estado, Dra. Diana Salazar, le puso nombre y apellido, a la persona que habr\u00eda sido contratada para matarla. Se trata de Fabricio Col\u00f3n Pico, delincuente quite\u00f1o vinculado a Los Lobos, con una extensa data en sus 30 a\u00f1os de vida delictiva. <\/span><span class=\"css-1qaijid r-bcqeeo r-qvutc0 r-poiln3\">Salazar, hizo esta grave denuncia durante la audiencia en la que pidi\u00f3 prisi\u00f3n preventiva para los 8 sindicados que hoy ten\u00edan que declarar en el caso Met\u00e1stasis. <\/span><\/p>\n<p><span class=\"css-1qaijid r-bcqeeo r-qvutc0 r-poiln3\"><b>\u201cEl mismo grupo que asesin\u00f3 a Fernando Villavicencio ha sido contratado para acallar la voz de esta Fiscal\u201d<\/b>, y agreg\u00f3 que el golpe tambi\u00e9n iba dirigido para su familia y grupo de trabajo. \u00abAhora si, vengan a asesinarme\u00bb, dijo Salazar.<\/span><\/p>\n<p><span class=\"css-1qaijid r-bcqeeo r-qvutc0 r-poiln3\">Fabricio Col\u00f3n Pico S\u00e1nchez se ha desenvuelto como delincuente la mayor parte de su vida, pues de sus 44 a\u00f1os ha dedicado 30 a una deplorable vida delictiva. Desde la d\u00e9cada de los 90 ha sido ladr\u00f3n de carreteras, ha usurpado la identidad de polic\u00edas, capturado 17 veces por narcotr\u00e1fico -delito por el cual lleva 30 procesos judiciales-, ha asesinado, robado y extorsionado.<\/span><\/p>\n<p><span class=\"css-1qaijid r-bcqeeo r-qvutc0 r-poiln3\">\u00a0Col\u00f3n Pico, conocido con los alias de &#8216;Capit\u00e1n Pico&#8217; o &#8216;Salvaje&#8217;, pag\u00f3 c\u00e1rcel\u00a0 pero salio libre por los beneficios penitenciarios que le permite la ley y le pusieron grillete electr\u00f3nico. Sin embargo en el 2019 volvi\u00f3 a ser capturado acusado de extorsionar a los taxistas en Quito a quienes les cobrava $ 30 mensuales.<\/span><\/p>\n<p><span class=\"css-1qaijid r-bcqeeo r-qvutc0 r-poiln3\">Sorprendentemente,Col\u00f3n Pico quien esta libre, gracias al grupo de abogados de Leandro Norero, ha sido ubicado por la Polic\u00eda Nacional traslad\u00e1ndose en autos de alta gama, lo que despierta curiosidad pues no se le conoce una actividad l\u00edcita que le permita este tipo de movilizaci\u00f3n.<\/span><\/p>\n","protected":false},"excerpt":{"rendered":"<p>Quito.-| La Fiscal General del Estado, Dra. Diana Salazar, le puso nombre y apellido, a la persona que habr\u00eda sido contratada para matarla. Se trata de Fabricio Col\u00f3n Pico, delincuente quite\u00f1o vinculado a Los Lobos, con una extensa data en sus 30 a\u00f1os de vida delictiva. Salazar, hizo esta grave denuncia durante la audiencia en [&hellip;]<\/p>\n","protected":false},"author":3,"featured_media":9433,"comment_status":"open","ping_status":"closed","sticky":false,"template":"","format":"standard","meta":{"_jetpack_memberships_contains_paid_content":false,"footnotes":""},"categories":[13],"tags":[1626],"class_list":["post-9432","post","type-post","status-publish","format-standard","has-post-thumbnail","hentry","category-noticias-nacionales","tag-dra-diana-salazar"],"jetpack_featured_media_url":"https:\/\/radiocresatelital.com\/wp-content\/uploads\/2024\/01\/fabricio-pico-delincuente.jpeg","jetpack_sharing_enabled":true,"_links":{"self":[{"href":"https:\/\/radiocresatelital.com\/index.php?rest_route=\/wp\/v2\/posts\/9432","targetHints":{"allow":["GET"]}}],"collection":[{"href":"https:\/\/radiocresatelital.com\/index.php?rest_route=\/wp\/v2\/posts"}],"about":[{"href":"https:\/\/radiocresatelital.com\/index.php?rest_route=\/wp\/v2\/types\/post"}],"author":[{"embeddable":true,"href":"https:\/\/radiocresatelital.com\/index.php?rest_route=\/wp\/v2\/users\/3"}],"replies":[{"embeddable":true,"href":"https:\/\/radiocresatelital.com\/index.php?rest_route=%2Fwp%2Fv2%2Fcomments&post=9432"}],"version-history":[{"count":1,"href":"https:\/\/radiocresatelital.com\/index.php?rest_route=\/wp\/v2\/posts\/9432\/revisions"}],"predecessor-version":[{"id":9434,"href":"https:\/\/radiocresatelital.com\/index.php?rest_route=\/wp\/v2\/posts\/9432\/revisions\/9434"}],"wp:featuredmedia":[{"embeddable":true,"href":"https:\/\/radiocresatelital.com\/index.php?rest_route=\/wp\/v2\/media\/9433"}],"wp:attachment":[{"href":"https:\/\/radiocresatelital.com\/index.php?rest_route=%2Fwp%2Fv2%2Fmedia&parent=9432"}],"wp:term":[{"taxonomy":"category","embeddable":true,"href":"https:\/\/radiocresatelital.com\/index.php?rest_route=%2Fwp%2Fv2%2Fcategories&post=9432"},{"taxonomy":"post_tag","embeddable":true,"href":"https:\/\/radiocresatelital.com\/index.php?rest_route=%2Fwp%2Fv2%2Ftags&post=9432"}],"curies":[{"name":"wp","href":"https:\/\/api.w.org\/{rel}","templated":true}]}}