{"id":9417,"date":"2024-01-03T22:43:10","date_gmt":"2024-01-03T22:43:10","guid":{"rendered":"https:\/\/radiocresatelital.com\/?p=9417"},"modified":"2024-01-03T22:43:10","modified_gmt":"2024-01-03T22:43:10","slug":"mesa-de-seguridad-vial-expuso-resultados-de-los-operativos-de-control-realizados-en-el-feriado-de-ano-nuevo","status":"publish","type":"post","link":"https:\/\/radiocresatelital.com\/?p=9417","title":{"rendered":"Mesa de Seguridad Vial expuso resultados de los operativos de control realizados en el feriado de A\u00f1o Nuevo"},"content":{"rendered":"<p>Quito.- Este 3 de enero, se instal\u00f3 la primera Mesa de Seguridad Vial del 2024, presidida por la directora ejecutiva de la Agencia Nacional de Tr\u00e1nsito (ANT), Vanessa Cueva, y que cont\u00f3 con la participaci\u00f3n de los representantes del Ministerio de Turismo, ECU 911, Polic\u00eda Nacional, Comisi\u00f3n de Tr\u00e1nsito del Ecuador, la Empresa P\u00fablica de Movilidad de Ibarra MOVILDELNOR y la Agencia Metropolitana de Tr\u00e1nsito de Quito (AMT).<\/p>\n<p>En la mesa se expusieron los resultados de los operativos efectuados durante el feriado de A\u00f1o Nuevo, donde se registraron 361 siniestros de tr\u00e1nsito, 258 heridos y 46 fallecidos, en todo el pa\u00eds.<\/p>\n<p>La directora ejecutiva de la ANT se\u00f1al\u00f3 que las cifras permitir\u00e1n a la instituci\u00f3n y a los entes de control planificar acciones para fomentar la seguridad vial y disminuir la siniestralidad en las carreteras. \u201cTengan por seguro que en la ANT tienen un aliado para trabajar de forma conjunta por el bienestar y beneficio de todos los usuarios de las v\u00edas del pa\u00eds\u201d, recalc\u00f3 Cueva.<\/p>\n<p>Durante los cuatro d\u00edas de feriado, desde las terminales terrestres se movilizaron alrededor de 900 mil usuarios y m\u00e1s de 58 mil unidades de transporte inter e intraprovincial, con mayor afluencia en Manab\u00ed, Guayas, Los R\u00edos, Tungurahua e Imbabura.<\/p>\n<p>Adem\u00e1s, las brigadas provinciales de la ANT, junto a los organismos de control, verificaron en las terminales terrestres que conductores y unidades de transporte cuenten con la documentaci\u00f3n en regla, respeten las tarifas regulares y diferenciadas para los pasajeros, y cumplan con las frecuencias establecidas.<\/p>\n<p>Por otro lado, como parte de las campa\u00f1as de seguridad vial, 61 escuelas de conducci\u00f3n, tanto profesionales como no profesionales, participaron con mensajes de educaci\u00f3n vial en 20 provincias para concienciar a la ciudadan\u00eda y prevenir la siniestralidad de tr\u00e1nsito en las v\u00edas y carreteras del pa\u00eds.<\/p>\n<p>Finalmente, los entes de control efectuaron campa\u00f1as de prevenci\u00f3n en los puntos cr\u00edticos; apoyaron en gesti\u00f3n de movilidad; y, promocionaron el respeto a las se\u00f1ales de tr\u00e1nsito, el uso del cintur\u00f3n, la reducci\u00f3n de la velocidad y la no ingesta de licor mientras conducen.<\/p>\n","protected":false},"excerpt":{"rendered":"<p>Quito.- Este 3 de enero, se instal\u00f3 la primera Mesa de Seguridad Vial del 2024, presidida por la directora ejecutiva de la Agencia Nacional de Tr\u00e1nsito (ANT), Vanessa Cueva, y que cont\u00f3 con la participaci\u00f3n de los representantes del Ministerio de Turismo, ECU 911, Polic\u00eda Nacional, Comisi\u00f3n de Tr\u00e1nsito del Ecuador, la Empresa P\u00fablica de [&hellip;]<\/p>\n","protected":false},"author":2,"featured_media":9418,"comment_status":"open","ping_status":"closed","sticky":false,"template":"","format":"standard","meta":{"_jetpack_memberships_contains_paid_content":false,"footnotes":""},"categories":[13],"tags":[1160,1623,965,1622],"class_list":["post-9417","post","type-post","status-publish","format-standard","has-post-thumbnail","hentry","category-noticias-nacionales","tag-agencia-nacional-de-transito","tag-amt","tag-comision-de-transito-del-ecuador","tag-mesa-de-seguridad-vial"],"jetpack_featured_media_url":"https:\/\/radiocresatelital.com\/wp-content\/uploads\/2024\/01\/1-MASA-SEGURIDAD-ENERO-2023-1536x710-1.jpeg","jetpack_sharing_enabled":true,"_links":{"self":[{"href":"https:\/\/radiocresatelital.com\/index.php?rest_route=\/wp\/v2\/posts\/9417","targetHints":{"allow":["GET"]}}],"collection":[{"href":"https:\/\/radiocresatelital.com\/index.php?rest_route=\/wp\/v2\/posts"}],"about":[{"href":"https:\/\/radiocresatelital.com\/index.php?rest_route=\/wp\/v2\/types\/post"}],"author":[{"embeddable":true,"href":"https:\/\/radiocresatelital.com\/index.php?rest_route=\/wp\/v2\/users\/2"}],"replies":[{"embeddable":true,"href":"https:\/\/radiocresatelital.com\/index.php?rest_route=%2Fwp%2Fv2%2Fcomments&post=9417"}],"version-history":[{"count":1,"href":"https:\/\/radiocresatelital.com\/index.php?rest_route=\/wp\/v2\/posts\/9417\/revisions"}],"predecessor-version":[{"id":9419,"href":"https:\/\/radiocresatelital.com\/index.php?rest_route=\/wp\/v2\/posts\/9417\/revisions\/9419"}],"wp:featuredmedia":[{"embeddable":true,"href":"https:\/\/radiocresatelital.com\/index.php?rest_route=\/wp\/v2\/media\/9418"}],"wp:attachment":[{"href":"https:\/\/radiocresatelital.com\/index.php?rest_route=%2Fwp%2Fv2%2Fmedia&parent=9417"}],"wp:term":[{"taxonomy":"category","embeddable":true,"href":"https:\/\/radiocresatelital.com\/index.php?rest_route=%2Fwp%2Fv2%2Fcategories&post=9417"},{"taxonomy":"post_tag","embeddable":true,"href":"https:\/\/radiocresatelital.com\/index.php?rest_route=%2Fwp%2Fv2%2Ftags&post=9417"}],"curies":[{"name":"wp","href":"https:\/\/api.w.org\/{rel}","templated":true}]}}