{"id":941,"date":"2023-07-06T18:29:24","date_gmt":"2023-07-06T18:29:24","guid":{"rendered":"https:\/\/radiocresatelital.com\/?p=941"},"modified":"2023-07-06T20:32:32","modified_gmt":"2023-07-06T20:32:32","slug":"emprendedores-un-programa-que-potencia-el-desarrollo-de-microempresarios-del-pais","status":"publish","type":"post","link":"https:\/\/radiocresatelital.com\/?p=941","title":{"rendered":"\u201cEmprendedores\u201d un programa que potencia el desarrollo de microempresarios del pa\u00eds"},"content":{"rendered":"<p>Quito.- En Ecuador, las tiendas de barrio, minimarkets y restaurantes se han convertido por excelencia en el emprendimiento de miles de familias y el motor de la econom\u00eda popular y solidaria. De acuerdo con la empresa financiera J.P. Morgan, alrededor del 80% de estos microemprendimientos cierran luego de su primer a\u00f1o ante la falta de formaci\u00f3n, financiamiento y herramientas que permitan su \u00f3ptimo desarrollo.<\/p>\n<p>Con el objetivo de impulsar el crecimiento sostenible de estos negocios y mejorar su competitividad, Cervecer\u00eda Nacional cre\u00f3 \u201cEmprendedores\u201d, primer programa a nivel nacional que busca capacitar, digitalizar e instruir a los m\u00e1s de 180 mil socios comerciales (que son parte de la cadena de valor de la empresa), a trav\u00e9s cinco pilares: capacitaci\u00f3n, digitalizaci\u00f3n, acceso a cr\u00e9dito, mejoras de infraestructura y productos de adecuados y de calidad.<\/p>\n<p>Para el lanzamiento de esta iniciativa, se desarrollaron los primeros encuentros con alrededor de 500 emprendedores de Quito y Guayaquil; espacio que permiti\u00f3 aprender a los asistentes sobre Emprendedores App, plataforma de educaci\u00f3n online cuyo contenido cuenta con el aval del Tecnol\u00f3gico de Monterrey y el Instituto de las Naciones Unidas para Formaci\u00f3n Profesional e Investigaciones (UNITAR, por sus siglas en ingl\u00e9s); y que permitir\u00e1 que los due\u00f1os de restaurantes, minimarket y tiendas de barrio, puedan capacitarse y contar con las herramientas necesarias para el progreso de sus negocios.<\/p>\n<p>Adem\u00e1s, los asistentes recibieron capacitaciones para el fortalecimiento de sus conocimientos financieros: ahorro, cr\u00e9dito, capital, liderazgo y nuevos mecanismos de pago como son las billeteras digitales PeiGo y DeUna.<\/p>\n<p>Patricio Ortiz, emprendedor y due\u00f1o de una tienda de barrio ubicada en el sector norte de Quito, mencion\u00f3: \u201chace casi cinco a\u00f1os comenc\u00e9 mi negocio que ahora se ha convertido en el sustento de mi familia. Para m\u00ed es sumamente importante estas charlas de formaci\u00f3n que nos ayudan a crecer nuestros negocios e ir un paso m\u00e1s all\u00e1 con la digitalizaci\u00f3n y el financiamiento. Me interesa mucho acabar con cada m\u00f3dulo acad\u00e9mico que nos ofrece el programa Emprendedores y aprender m\u00e1s para que mi tienda pueda crecer\u201d.<\/p>\n<p>Los cursos educativos que forman parte de la aplicaci\u00f3n abordan tem\u00e1ticas como: finanzas b\u00e1sicas, manual de operaciones, liderazgo y digitalizaci\u00f3n; y cuentan una prueba inicial, material did\u00e1ctico y visual, actividades interactivas y recursos que aporten al desarrollo sostenible de las tiendas de barrio.<\/p>\n<p>Para Sandra Ca\u00f1izares, Directora de Marca Corporativa y de Sostenibilidad de Cervecer\u00eda Nacional, \u201cEmprendedores\u201d es un programa que, \u201cimpulsa el crecimiento y genera nuevas oportunidades a nuestros aliados comerciales; quienes d\u00eda a d\u00eda se enfrentan a grandes retos y<\/p>\n<p>desaf\u00edos. Hoy, queremos que ustedes aprendan sobre la importancia de ser ordenados con sus finanzas, c\u00f3mo llevar un buen inventario, c\u00f3mo se utilizan las diferentes plataformas digitales; temas importantes que permitir\u00e1n mayor competitividad y el desarrollo de sus tiendas de barrio, restaurantes y establecimientos\u201d.<\/p>\n<p>Emprendedores es un programa de Cervecer\u00eda Nacional que aporta al desarrollo y crecimiento de los microemprendedores, a trav\u00e9s de iniciativas de capacitaci\u00f3n, digitalizaci\u00f3n y educaci\u00f3n financiera, brindando las herramientas necesarias para su \u00e9xito a mediano y largo plazo. Esta iniciativa exponencial prev\u00e9 el desarrollo de la Feria Emprendedores, espacio que permitir\u00e1 conectar y ayudar a los aliados comerciales a obtener m\u00faltiples herramientas para impulsar sus negocios.<\/p>\n","protected":false},"excerpt":{"rendered":"<p>Quito.- En Ecuador, las tiendas de barrio, minimarkets y restaurantes se han convertido por excelencia en el emprendimiento de miles de familias y el motor de la econom\u00eda popular y solidaria. De acuerdo con la empresa financiera J.P. Morgan, alrededor del 80% de estos microemprendimientos cierran luego de su primer a\u00f1o ante la falta de [&hellip;]<\/p>\n","protected":false},"author":2,"featured_media":942,"comment_status":"open","ping_status":"closed","sticky":false,"template":"","format":"standard","meta":{"_jetpack_memberships_contains_paid_content":false,"footnotes":""},"categories":[13],"tags":[235],"class_list":["post-941","post","type-post","status-publish","format-standard","has-post-thumbnail","hentry","category-noticias-nacionales","tag-emprendedores"],"jetpack_featured_media_url":"https:\/\/radiocresatelital.com\/wp-content\/uploads\/2023\/07\/thumbnail_Emprendedores.jpg","jetpack_sharing_enabled":true,"_links":{"self":[{"href":"https:\/\/radiocresatelital.com\/index.php?rest_route=\/wp\/v2\/posts\/941","targetHints":{"allow":["GET"]}}],"collection":[{"href":"https:\/\/radiocresatelital.com\/index.php?rest_route=\/wp\/v2\/posts"}],"about":[{"href":"https:\/\/radiocresatelital.com\/index.php?rest_route=\/wp\/v2\/types\/post"}],"author":[{"embeddable":true,"href":"https:\/\/radiocresatelital.com\/index.php?rest_route=\/wp\/v2\/users\/2"}],"replies":[{"embeddable":true,"href":"https:\/\/radiocresatelital.com\/index.php?rest_route=%2Fwp%2Fv2%2Fcomments&post=941"}],"version-history":[{"count":1,"href":"https:\/\/radiocresatelital.com\/index.php?rest_route=\/wp\/v2\/posts\/941\/revisions"}],"predecessor-version":[{"id":943,"href":"https:\/\/radiocresatelital.com\/index.php?rest_route=\/wp\/v2\/posts\/941\/revisions\/943"}],"wp:featuredmedia":[{"embeddable":true,"href":"https:\/\/radiocresatelital.com\/index.php?rest_route=\/wp\/v2\/media\/942"}],"wp:attachment":[{"href":"https:\/\/radiocresatelital.com\/index.php?rest_route=%2Fwp%2Fv2%2Fmedia&parent=941"}],"wp:term":[{"taxonomy":"category","embeddable":true,"href":"https:\/\/radiocresatelital.com\/index.php?rest_route=%2Fwp%2Fv2%2Fcategories&post=941"},{"taxonomy":"post_tag","embeddable":true,"href":"https:\/\/radiocresatelital.com\/index.php?rest_route=%2Fwp%2Fv2%2Ftags&post=941"}],"curies":[{"name":"wp","href":"https:\/\/api.w.org\/{rel}","templated":true}]}}