{"id":9404,"date":"2024-01-03T20:16:07","date_gmt":"2024-01-03T20:16:07","guid":{"rendered":"https:\/\/radiocresatelital.com\/?p=9404"},"modified":"2024-01-03T20:16:07","modified_gmt":"2024-01-03T20:16:07","slug":"familias-de-arenillas-estrenan-su-casa-propia-100-gratuita","status":"publish","type":"post","link":"https:\/\/radiocresatelital.com\/?p=9404","title":{"rendered":"Familias de Arenillas estrenan su casa propia 100 % Gratuita"},"content":{"rendered":"<p>Arenillas.- Esta ma\u00f1ana el Presidente de la Rep\u00fablica, Daniel Noboa Azin, entreg\u00f3 las primeras 150 viviendas gratuitas en el Plan Habitacional Arenillas, provincia de El Oro. Las casas son 100 % subvencionadas y benefician a 614 personas, entre ellas 175 mujeres y 30 personas con discapacidad.<\/p>\n<p>\u201cMi presencia aqu\u00ed es para demostrar que el Gobierno del Nuevo Ecuador agiliza las obras. La inauguraci\u00f3n de estas viviendas es una muestra de lo que se viene, con m\u00e1s agilidad y con m\u00e1s eficiencia\u201d, resalt\u00f3 el mandatario.<\/p>\n<p>El proyecto, que tiene una inversi\u00f3n de USD 3,5 millones, cuenta con un centro comunitario y de emprendimiento, caminer\u00edas internas con accesos para personas con discapacidad, cancha de uso m\u00faltiple, \u00e1reas verdes, juegos infantiles y parqueaderos. \u201cEste a\u00f1o trabajaremos sin descanso para asegurar que los hogares accedan a una vivienda adecuada y<br \/>\nreacondicionar las viviendas recuperables, esto les permitir\u00e1 a las familias vivir con dignidad en el nuevo Ecuador y ning\u00fan rinc\u00f3n del pa\u00eds ser\u00e1 olvidado\u201d, reiter\u00f3 Noboa.<\/p>\n<p>Precisamente, el ministro de Vivienda y Desarrollo Urbano, Humberto Plaza, recalc\u00f3 que el Gobierno est\u00e1 comprometido con el pueblo ecuatoriano a brindar un techo digno. \u201cEste es el primer ejemplo que da esta administraci\u00f3n (\u2026). Cada vez que se hace una vivienda, es un beneficio para toda la sociedad porque se mueve la econom\u00eda\u201d, sostuvo.<\/p>\n<p>En el marco de este acto, el jefe de Estado remarc\u00f3 las acciones de su gesti\u00f3n para mejorar las condiciones de vida de los ciudadanos, especialmente en seguridad, empleo y justicia.<\/p>\n<p>\u201cGenerar empleo reduce la violencia (\u2026). Debemos trabajar duro por la seguridad, para darles a ustedes m\u00e1s paz, progreso y para que tengan la tranquilidad de que sus familias van a estar bien cuidadas y de que no va a haber impunidad\u201d, se\u00f1al\u00f3. Por consiguiente, resalt\u00f3 la importancia que reviste la consulta popular, cuyas preguntas est\u00e1n encaminadas a atender estas preocupaciones ciudadanas y ya fueron enviadas a las Corte Constitucional.<\/p>\n<p>Del mismo modo, el presidente exhort\u00f3 a la Asamblea Nacional a respaldar el proyecto de Ley No M\u00e1s apagones. Esta norma busca estimular a la eficiencia empresarial para que reduzcan el consumo anual de energ\u00eda y tengan beneficios fiscales; adem\u00e1s, incentivar\u00e1 la inversi\u00f3n privada mediante la delegaci\u00f3n de servicios p\u00fablicos, en casos extraordinarios. \u201c\u00a1Recuperaremos al sector energ\u00e9tico del abandono!\u201d, concluy\u00f3.<\/p>\n","protected":false},"excerpt":{"rendered":"<p>Arenillas.- Esta ma\u00f1ana el Presidente de la Rep\u00fablica, Daniel Noboa Azin, entreg\u00f3 las primeras 150 viviendas gratuitas en el Plan Habitacional Arenillas, provincia de El Oro. Las casas son 100 % subvencionadas y benefician a 614 personas, entre ellas 175 mujeres y 30 personas con discapacidad. \u201cMi presencia aqu\u00ed es para demostrar que el Gobierno [&hellip;]<\/p>\n","protected":false},"author":2,"featured_media":9405,"comment_status":"open","ping_status":"closed","sticky":false,"template":"","format":"standard","meta":{"_jetpack_memberships_contains_paid_content":false,"footnotes":""},"categories":[13],"tags":[1621,1322],"class_list":["post-9404","post","type-post","status-publish","format-standard","has-post-thumbnail","hentry","category-noticias-nacionales","tag-entrega-casas-arenillas","tag-presidente-daniel-noboa"],"jetpack_featured_media_url":"https:\/\/radiocresatelital.com\/wp-content\/uploads\/2024\/01\/GC8aYYRXkAEySWS.jpeg","jetpack_sharing_enabled":true,"_links":{"self":[{"href":"https:\/\/radiocresatelital.com\/index.php?rest_route=\/wp\/v2\/posts\/9404","targetHints":{"allow":["GET"]}}],"collection":[{"href":"https:\/\/radiocresatelital.com\/index.php?rest_route=\/wp\/v2\/posts"}],"about":[{"href":"https:\/\/radiocresatelital.com\/index.php?rest_route=\/wp\/v2\/types\/post"}],"author":[{"embeddable":true,"href":"https:\/\/radiocresatelital.com\/index.php?rest_route=\/wp\/v2\/users\/2"}],"replies":[{"embeddable":true,"href":"https:\/\/radiocresatelital.com\/index.php?rest_route=%2Fwp%2Fv2%2Fcomments&post=9404"}],"version-history":[{"count":1,"href":"https:\/\/radiocresatelital.com\/index.php?rest_route=\/wp\/v2\/posts\/9404\/revisions"}],"predecessor-version":[{"id":9406,"href":"https:\/\/radiocresatelital.com\/index.php?rest_route=\/wp\/v2\/posts\/9404\/revisions\/9406"}],"wp:featuredmedia":[{"embeddable":true,"href":"https:\/\/radiocresatelital.com\/index.php?rest_route=\/wp\/v2\/media\/9405"}],"wp:attachment":[{"href":"https:\/\/radiocresatelital.com\/index.php?rest_route=%2Fwp%2Fv2%2Fmedia&parent=9404"}],"wp:term":[{"taxonomy":"category","embeddable":true,"href":"https:\/\/radiocresatelital.com\/index.php?rest_route=%2Fwp%2Fv2%2Fcategories&post=9404"},{"taxonomy":"post_tag","embeddable":true,"href":"https:\/\/radiocresatelital.com\/index.php?rest_route=%2Fwp%2Fv2%2Ftags&post=9404"}],"curies":[{"name":"wp","href":"https:\/\/api.w.org\/{rel}","templated":true}]}}