{"id":9306,"date":"2023-12-29T19:42:54","date_gmt":"2023-12-29T19:42:54","guid":{"rendered":"https:\/\/radiocresatelital.com\/?p=9306"},"modified":"2023-12-29T21:45:20","modified_gmt":"2023-12-29T21:45:20","slug":"ruta-de-los-gigantes-funcionara-hasta-el-13-de-enero-de-2024","status":"publish","type":"post","link":"https:\/\/radiocresatelital.com\/?p=9306","title":{"rendered":"Ruta de los Gigantes funcionar\u00e1 hasta el 13 de enero de 2024"},"content":{"rendered":"<p>Guayaquil.- La Empresa P\u00fablica Municipal de Turismo, Relaciones Internacionales y Cultura llev\u00f3 acabo la inauguraci\u00f3n de la \u201cRuta de Gigantes\u201d, que est\u00e1 compuesta por 16 artesanos que forman parte de la Asociaci\u00f3n de Artistas de Monigotes Gigantes de Guayaquil.<\/p>\n<p>Durante el evento estuvo presente Larissa Marangoni, presidenta de la Empresa de Turismo. \u201cLa idea realmente es agruparse porque as\u00ed tambi\u00e9n los fondos pueden estar distribuidos de una forma m\u00e1s eficiente. Ellos se han formado como un grupo importante de artistas, porque realmente lo que ellos hacen es un arte que no se debe perder\u201d.<\/p>\n<p>El Municipio de Guayaquil brind\u00f3 un aporte econ\u00f3mico que sirvi\u00f3 para comprar materiales para la confecci\u00f3n de los monigotes. \u201cHemos aportado con USD 10.000 que est\u00e1n distribuidos entre los 16 artistas y as\u00ed tambi\u00e9n se crea un fondo para que ellos no tengan que gastar\u201d.<\/p>\n<p>Est\u00e1 ruta de gigantes est\u00e1 ubicada en el Suburbio y funcionar\u00e1 desde este viernes 22 de diciembre hasta el s\u00e1bado 13 de enero de 2024. Durante el recorrido se contar\u00e1 con operativo de seguridad, a trav\u00e9s del trabajo en conjunto entre SEGURA EP, ATM y Polic\u00eda Nacional.<\/p>\n","protected":false},"excerpt":{"rendered":"<p>Guayaquil.- La Empresa P\u00fablica Municipal de Turismo, Relaciones Internacionales y Cultura llev\u00f3 acabo la inauguraci\u00f3n de la \u201cRuta de Gigantes\u201d, que est\u00e1 compuesta por 16 artesanos que forman parte de la Asociaci\u00f3n de Artistas de Monigotes Gigantes de Guayaquil. Durante el evento estuvo presente Larissa Marangoni, presidenta de la Empresa de Turismo. \u201cLa idea realmente [&hellip;]<\/p>\n","protected":false},"author":2,"featured_media":9307,"comment_status":"open","ping_status":"closed","sticky":false,"template":"","format":"standard","meta":{"_jetpack_memberships_contains_paid_content":false,"footnotes":""},"categories":[33,13],"tags":[1608],"class_list":["post-9306","post","type-post","status-publish","format-standard","has-post-thumbnail","hentry","category-guayaquil","category-noticias-nacionales","tag-empresa-publica-municipal-de-turismo"],"jetpack_featured_media_url":"https:\/\/radiocresatelital.com\/wp-content\/uploads\/2023\/12\/images-1.jpeg","jetpack_sharing_enabled":true,"_links":{"self":[{"href":"https:\/\/radiocresatelital.com\/index.php?rest_route=\/wp\/v2\/posts\/9306","targetHints":{"allow":["GET"]}}],"collection":[{"href":"https:\/\/radiocresatelital.com\/index.php?rest_route=\/wp\/v2\/posts"}],"about":[{"href":"https:\/\/radiocresatelital.com\/index.php?rest_route=\/wp\/v2\/types\/post"}],"author":[{"embeddable":true,"href":"https:\/\/radiocresatelital.com\/index.php?rest_route=\/wp\/v2\/users\/2"}],"replies":[{"embeddable":true,"href":"https:\/\/radiocresatelital.com\/index.php?rest_route=%2Fwp%2Fv2%2Fcomments&post=9306"}],"version-history":[{"count":1,"href":"https:\/\/radiocresatelital.com\/index.php?rest_route=\/wp\/v2\/posts\/9306\/revisions"}],"predecessor-version":[{"id":9308,"href":"https:\/\/radiocresatelital.com\/index.php?rest_route=\/wp\/v2\/posts\/9306\/revisions\/9308"}],"wp:featuredmedia":[{"embeddable":true,"href":"https:\/\/radiocresatelital.com\/index.php?rest_route=\/wp\/v2\/media\/9307"}],"wp:attachment":[{"href":"https:\/\/radiocresatelital.com\/index.php?rest_route=%2Fwp%2Fv2%2Fmedia&parent=9306"}],"wp:term":[{"taxonomy":"category","embeddable":true,"href":"https:\/\/radiocresatelital.com\/index.php?rest_route=%2Fwp%2Fv2%2Fcategories&post=9306"},{"taxonomy":"post_tag","embeddable":true,"href":"https:\/\/radiocresatelital.com\/index.php?rest_route=%2Fwp%2Fv2%2Ftags&post=9306"}],"curies":[{"name":"wp","href":"https:\/\/api.w.org\/{rel}","templated":true}]}}