{"id":9284,"date":"2023-12-29T20:29:04","date_gmt":"2023-12-29T20:29:04","guid":{"rendered":"https:\/\/radiocresatelital.com\/?p=9284"},"modified":"2023-12-29T20:29:21","modified_gmt":"2023-12-29T20:29:21","slug":"mision-medica-entrega-de-raciones-y-compromiso-vial-para-puna","status":"publish","type":"post","link":"https:\/\/radiocresatelital.com\/?p=9284","title":{"rendered":"Misi\u00f3n m\u00e9dica, entrega de raciones y compromiso vial para Pun\u00e1"},"content":{"rendered":"<p><span style=\"font-weight: 400;\">Guayaquil.- A<\/span><span style=\"font-weight: 400;\"> tan solo una hora en lancha desde Guayaquil, un equipo m\u00e9dico compuesto por profesionales comprometidos lleg\u00f3 a la parroquia de Pun\u00e1 con el objetivo de brindar asistencia a cientos de habitantes que necesitan atenci\u00f3n b\u00e1sica. La misi\u00f3n fue liderada por el viceprefecto Carlos Serrano, quien recorri\u00f3 cada punto para asegurar la efectividad de los servicios prestados.<\/span><\/p>\n<p><span style=\"font-weight: 400;\">Durante la jornada, Vicente Vel\u00e1squez expres\u00f3 su gratitud por haber recibido medicamentos para la presi\u00f3n despu\u00e9s de una detallada valoraci\u00f3n m\u00e9dica. \u00abAgradecemos a los tiempos que nos vienen a dar atenci\u00f3n\u00bb, mencion\u00f3, destacando la importancia de este tipo de intervenciones en comunidades remotas.<\/span><\/p>\n<p><span style=\"font-weight: 400;\">Las hermanas Mar\u00eda y Sandy Asencio tambi\u00e9n llevaron a sus peque\u00f1os hijos que presentaban s\u00edntomas de tos, recibiendo atenci\u00f3n integral por parte del equipo m\u00e9dico. La atenci\u00f3n no se limit\u00f3 solo a aspectos m\u00e9dicos, ya que en el coliseo local, centenares de pune\u00f1os esperaban para recibir raciones de alimentos esenciales. Aurelio Barreto expres\u00f3 su agradecimiento diciendo: \u00abLes agradecemos que nos han dado estas ayudas\u00bb, mientras Mar\u00eda Barreiro comparti\u00f3 su emoci\u00f3n, se\u00f1alando que desde la pandemia no hab\u00edan recibido ayuda.<\/span><\/p>\n<p><span style=\"font-weight: 400;\">Previo a la atenci\u00f3n m\u00e9dica, la segunda autoridad de la provincia junto con el presidente de la Junta Parroquial, Anderson Chavez, se traslad\u00f3 a la v\u00eda que une la parroquia con los recintos P\u00f3lvora, Tabor y Concordia. Esta v\u00eda ser\u00e1 sometida a estudios para la ejecuci\u00f3n de un plan de conexi\u00f3n vial en los pr\u00f3ximos meses. Carlos Serrano enfatiz\u00f3 la importancia de esta iniciativa al afirmar: \u00abSon caminos abandonados por mucho tiempo y es una justa demanda. Queremos conectar la isla y avanzar en Pun\u00e1\u00bb.<\/span><\/p>\n<p><span style=\"font-weight: 400;\">La futura obra contempla la construcci\u00f3n de 4 kil\u00f3metros de extensi\u00f3n y beneficiar\u00e1 a m\u00e1s de 1200 familias, especialmente aquellas dedicadas a la producci\u00f3n de ciruelas y pitajayas. En este sentido, el viceprefecto mencion\u00f3 que durante la temporada de invierno, la prefecta Marcela Agui\u00f1aga enviar\u00e1 las ayudas necesarias. La conexi\u00f3n vial no solo mejorar\u00e1 la movilidad de los habitantes sino que tambi\u00e9n beneficiar\u00e1 al \u00fanico colegio fiscal de la parroquia al conectarlo con la cabecera y los recintos circundantes.\u00a0<\/span><\/p>\n","protected":false},"excerpt":{"rendered":"<p>Guayaquil.- A tan solo una hora en lancha desde Guayaquil, un equipo m\u00e9dico compuesto por profesionales comprometidos lleg\u00f3 a la parroquia de Pun\u00e1 con el objetivo de brindar asistencia a cientos de habitantes que necesitan atenci\u00f3n b\u00e1sica. La misi\u00f3n fue liderada por el viceprefecto Carlos Serrano, quien recorri\u00f3 cada punto para asegurar la efectividad de [&hellip;]<\/p>\n","protected":false},"author":2,"featured_media":9285,"comment_status":"open","ping_status":"closed","sticky":false,"template":"","format":"standard","meta":{"_jetpack_memberships_contains_paid_content":false,"footnotes":""},"categories":[13],"tags":[415],"class_list":["post-9284","post","type-post","status-publish","format-standard","has-post-thumbnail","hentry","category-noticias-nacionales","tag-prefectura-ciudadana-del-guayas"],"jetpack_featured_media_url":"https:\/\/radiocresatelital.com\/wp-content\/uploads\/2023\/12\/DSC_7049-scaled.jpg","jetpack_sharing_enabled":true,"_links":{"self":[{"href":"https:\/\/radiocresatelital.com\/index.php?rest_route=\/wp\/v2\/posts\/9284","targetHints":{"allow":["GET"]}}],"collection":[{"href":"https:\/\/radiocresatelital.com\/index.php?rest_route=\/wp\/v2\/posts"}],"about":[{"href":"https:\/\/radiocresatelital.com\/index.php?rest_route=\/wp\/v2\/types\/post"}],"author":[{"embeddable":true,"href":"https:\/\/radiocresatelital.com\/index.php?rest_route=\/wp\/v2\/users\/2"}],"replies":[{"embeddable":true,"href":"https:\/\/radiocresatelital.com\/index.php?rest_route=%2Fwp%2Fv2%2Fcomments&post=9284"}],"version-history":[{"count":1,"href":"https:\/\/radiocresatelital.com\/index.php?rest_route=\/wp\/v2\/posts\/9284\/revisions"}],"predecessor-version":[{"id":9286,"href":"https:\/\/radiocresatelital.com\/index.php?rest_route=\/wp\/v2\/posts\/9284\/revisions\/9286"}],"wp:featuredmedia":[{"embeddable":true,"href":"https:\/\/radiocresatelital.com\/index.php?rest_route=\/wp\/v2\/media\/9285"}],"wp:attachment":[{"href":"https:\/\/radiocresatelital.com\/index.php?rest_route=%2Fwp%2Fv2%2Fmedia&parent=9284"}],"wp:term":[{"taxonomy":"category","embeddable":true,"href":"https:\/\/radiocresatelital.com\/index.php?rest_route=%2Fwp%2Fv2%2Fcategories&post=9284"},{"taxonomy":"post_tag","embeddable":true,"href":"https:\/\/radiocresatelital.com\/index.php?rest_route=%2Fwp%2Fv2%2Ftags&post=9284"}],"curies":[{"name":"wp","href":"https:\/\/api.w.org\/{rel}","templated":true}]}}