{"id":9275,"date":"2023-12-29T19:49:36","date_gmt":"2023-12-29T19:49:36","guid":{"rendered":"https:\/\/radiocresatelital.com\/?p=9275"},"modified":"2023-12-29T19:49:51","modified_gmt":"2023-12-29T19:49:51","slug":"se-colocan-vigas-como-parte-de-la-construccion-de-la-nueva-solucion-vial-en-la-av-25-de-julio","status":"publish","type":"post","link":"https:\/\/radiocresatelital.com\/?p=9275","title":{"rendered":"Se colocan vigas como parte de la construcci\u00f3n de la nueva soluci\u00f3n vial en la Av. 25 de Julio"},"content":{"rendered":"<p>Guayaquil.- La madrugada de este 29 de diciembre se realiz\u00f3 el izado de cuatro vigas en dos tramos en la Av. 25 de Julio, donde se construye una soluci\u00f3n vial en la intersecci\u00f3n con la Av. Roberto Serrano.<\/p>\n<p>Cuadrillas municipales ejecutan trabajos de cortes de pavimento en el parterre central de la Av. 25 de Julio para la construcci\u00f3n de bordillos. Al momento la obra tiene un avance del 70%.<\/p>\n<p>El izado de vigas es parte de la estructura del paso elevado. Posteriormente se colocar\u00e1n las losetas y hormigonado del puente.<\/p>\n<p>La soluci\u00f3n vial tendr\u00e1 una longitud de 335 m con dos carriles e incluye jardines bajo el paso elevado. Para brindar seguridad a los peatones se colocar\u00e1 se\u00f1al\u00e9tica vial, semaforizaci\u00f3n, adem\u00e1s bordillo parterre, cuneta, luminarias LED y reflectores.<\/p>\n<p>El Municipio invierte USD 7\u2019592.956,06 en esta obra y durante el proceso constructivo se generar\u00e1 1.190 empleos directos e indirectos.<\/p>\n<p>Este proyecto nace como una necesidad para mejorar la movilidad integral y la seguridad vial en la ciudad y beneficiar\u00e1 a 2\u2019700.000 habitantes.<\/p>\n","protected":false},"excerpt":{"rendered":"<p>Guayaquil.- La madrugada de este 29 de diciembre se realiz\u00f3 el izado de cuatro vigas en dos tramos en la Av. 25 de Julio, donde se construye una soluci\u00f3n vial en la intersecci\u00f3n con la Av. Roberto Serrano. Cuadrillas municipales ejecutan trabajos de cortes de pavimento en el parterre central de la Av. 25 de [&hellip;]<\/p>\n","protected":false},"author":2,"featured_media":9276,"comment_status":"open","ping_status":"closed","sticky":false,"template":"","format":"standard","meta":{"_jetpack_memberships_contains_paid_content":false,"footnotes":""},"categories":[33,13],"tags":[114],"class_list":["post-9275","post","type-post","status-publish","format-standard","has-post-thumbnail","hentry","category-guayaquil","category-noticias-nacionales","tag-municipio-de-guayaquil"],"jetpack_featured_media_url":"https:\/\/radiocresatelital.com\/wp-content\/uploads\/2023\/12\/DSC_2514-scaled.jpg","jetpack_sharing_enabled":true,"_links":{"self":[{"href":"https:\/\/radiocresatelital.com\/index.php?rest_route=\/wp\/v2\/posts\/9275","targetHints":{"allow":["GET"]}}],"collection":[{"href":"https:\/\/radiocresatelital.com\/index.php?rest_route=\/wp\/v2\/posts"}],"about":[{"href":"https:\/\/radiocresatelital.com\/index.php?rest_route=\/wp\/v2\/types\/post"}],"author":[{"embeddable":true,"href":"https:\/\/radiocresatelital.com\/index.php?rest_route=\/wp\/v2\/users\/2"}],"replies":[{"embeddable":true,"href":"https:\/\/radiocresatelital.com\/index.php?rest_route=%2Fwp%2Fv2%2Fcomments&post=9275"}],"version-history":[{"count":1,"href":"https:\/\/radiocresatelital.com\/index.php?rest_route=\/wp\/v2\/posts\/9275\/revisions"}],"predecessor-version":[{"id":9277,"href":"https:\/\/radiocresatelital.com\/index.php?rest_route=\/wp\/v2\/posts\/9275\/revisions\/9277"}],"wp:featuredmedia":[{"embeddable":true,"href":"https:\/\/radiocresatelital.com\/index.php?rest_route=\/wp\/v2\/media\/9276"}],"wp:attachment":[{"href":"https:\/\/radiocresatelital.com\/index.php?rest_route=%2Fwp%2Fv2%2Fmedia&parent=9275"}],"wp:term":[{"taxonomy":"category","embeddable":true,"href":"https:\/\/radiocresatelital.com\/index.php?rest_route=%2Fwp%2Fv2%2Fcategories&post=9275"},{"taxonomy":"post_tag","embeddable":true,"href":"https:\/\/radiocresatelital.com\/index.php?rest_route=%2Fwp%2Fv2%2Ftags&post=9275"}],"curies":[{"name":"wp","href":"https:\/\/api.w.org\/{rel}","templated":true}]}}