{"id":9253,"date":"2023-12-29T03:24:04","date_gmt":"2023-12-29T03:24:04","guid":{"rendered":"https:\/\/radiocresatelital.com\/?p=9253"},"modified":"2023-12-29T03:24:04","modified_gmt":"2023-12-29T03:24:04","slug":"campana-derechos-con-dignidad-continua-con-fuerza-en-barrios-del-sur-oriente-de-quito","status":"publish","type":"post","link":"https:\/\/radiocresatelital.com\/?p=9253","title":{"rendered":"Campa\u00f1a \u201cDerechos con Dignidad\u201d contin\u00faa con fuerza en barrios del sur oriente de Quito"},"content":{"rendered":"<p>Quito.- La ministra de Inclusi\u00f3n Econ\u00f3mica y Social, Zaida Rovira, asisti\u00f3 esta ma\u00f1ana a un emotivo evento en el marco de la campa\u00f1a nacional \u201cDerechos con Dignidad\u201d, que lleva adelante el Ministerio de Inclusi\u00f3n Econ\u00f3mica y Social (MIES) para prevenir la mendicidad y el trabajo infantil.<\/p>\n<p>Los casi 5 000 asistentes se beneficiaron de donaciones que fueron entregadas por la ciudadan\u00eda en los puntos seguros que habilit\u00f3 el MIES, a escala nacional, cumpliendo el objetivo de esta campa\u00f1a, para sacar a los ni\u00f1os y ni\u00f1as de las calles, y brindarles un espacio seguro de contenci\u00f3n y sensibilizaci\u00f3n que garantice sus derechos con dignidad, y as\u00ed prevenir la mendicidad y el trabajo infantil, que aumentan en esta \u00e9poca del a\u00f1o.<\/p>\n<p>Durante este encuentro, la ministra Rovira dialog\u00f3 con las familias y varios l\u00edderes y lideresas barriales, escuch\u00f3 sus necesidades y se comprometi\u00f3 a extender y ampliar los servicios en el territorio. \u201cCon el llamado que nos han hecho los compa\u00f1eros aqu\u00ed nos comprometemos para trasladarnos a los barrios olvidados del sur de Quito y gestionar los procesos de inclusi\u00f3n econ\u00f3mica y social con la direcci\u00f3n del presidente Daniel Noboa\u201d, se\u00f1al\u00f3.<\/p>\n<p>Agreg\u00f3 que tambi\u00e9n se trabajar\u00e1 junto al Instituto de Econom\u00eda Popular y Solidaria para intensificar la creaci\u00f3n de nuevos emprendimientos y generaci\u00f3n de empleo, e invit\u00f3 a usuarios de bonos y pensiones del MIES para que accedan al Cr\u00e9dito de Desarrollo Humano, a fin de que implementen su propio emprendimiento y generen recursos que mejoren su calidad de vida y la de sus familias.<\/p>\n<p>\u201cFeliz Navidad y feliz 2024, porque este nuevo a\u00f1o ser\u00e1 realidad la construcci\u00f3n del Nuevo Ecuador, trabajaremos en territorio, promoviendo una verdadera inclusi\u00f3n social y econ\u00f3mica de la poblaci\u00f3n m\u00e1s vulnerable\u201d, finaliz\u00f3 la autoridad.<\/p>\n<p>Por su parte, representantes, l\u00edderes y lideresas barriales del sur pidieron que sectores que estuvieron marginados hist\u00f3ricamente no sigan as\u00ed. Por ello, se coordin\u00f3 con la ministra para que en esta administraci\u00f3n se trabaje en conjunto por la igualdad de oportunidades, en donde las instituciones de Estado dignifiquen a la gente y est\u00e9n al servicio de la ciudadan\u00eda.<\/p>\n","protected":false},"excerpt":{"rendered":"<p>Quito.- La ministra de Inclusi\u00f3n Econ\u00f3mica y Social, Zaida Rovira, asisti\u00f3 esta ma\u00f1ana a un emotivo evento en el marco de la campa\u00f1a nacional \u201cDerechos con Dignidad\u201d, que lleva adelante el Ministerio de Inclusi\u00f3n Econ\u00f3mica y Social (MIES) para prevenir la mendicidad y el trabajo infantil. Los casi 5 000 asistentes se beneficiaron de donaciones [&hellip;]<\/p>\n","protected":false},"author":2,"featured_media":9254,"comment_status":"open","ping_status":"closed","sticky":false,"template":"","format":"standard","meta":{"_jetpack_memberships_contains_paid_content":false,"footnotes":""},"categories":[13],"tags":[1597,1598],"class_list":["post-9253","post","type-post","status-publish","format-standard","has-post-thumbnail","hentry","category-noticias-nacionales","tag-ministra-de-inclusion-economica","tag-zaida-rovira"],"jetpack_featured_media_url":"https:\/\/radiocresatelital.com\/wp-content\/uploads\/2023\/12\/4bf3c7cb-b693-46f9-9928-b256df620cf4.jpeg","jetpack_sharing_enabled":true,"_links":{"self":[{"href":"https:\/\/radiocresatelital.com\/index.php?rest_route=\/wp\/v2\/posts\/9253","targetHints":{"allow":["GET"]}}],"collection":[{"href":"https:\/\/radiocresatelital.com\/index.php?rest_route=\/wp\/v2\/posts"}],"about":[{"href":"https:\/\/radiocresatelital.com\/index.php?rest_route=\/wp\/v2\/types\/post"}],"author":[{"embeddable":true,"href":"https:\/\/radiocresatelital.com\/index.php?rest_route=\/wp\/v2\/users\/2"}],"replies":[{"embeddable":true,"href":"https:\/\/radiocresatelital.com\/index.php?rest_route=%2Fwp%2Fv2%2Fcomments&post=9253"}],"version-history":[{"count":1,"href":"https:\/\/radiocresatelital.com\/index.php?rest_route=\/wp\/v2\/posts\/9253\/revisions"}],"predecessor-version":[{"id":9255,"href":"https:\/\/radiocresatelital.com\/index.php?rest_route=\/wp\/v2\/posts\/9253\/revisions\/9255"}],"wp:featuredmedia":[{"embeddable":true,"href":"https:\/\/radiocresatelital.com\/index.php?rest_route=\/wp\/v2\/media\/9254"}],"wp:attachment":[{"href":"https:\/\/radiocresatelital.com\/index.php?rest_route=%2Fwp%2Fv2%2Fmedia&parent=9253"}],"wp:term":[{"taxonomy":"category","embeddable":true,"href":"https:\/\/radiocresatelital.com\/index.php?rest_route=%2Fwp%2Fv2%2Fcategories&post=9253"},{"taxonomy":"post_tag","embeddable":true,"href":"https:\/\/radiocresatelital.com\/index.php?rest_route=%2Fwp%2Fv2%2Ftags&post=9253"}],"curies":[{"name":"wp","href":"https:\/\/api.w.org\/{rel}","templated":true}]}}