{"id":9247,"date":"2023-12-29T03:09:13","date_gmt":"2023-12-29T03:09:13","guid":{"rendered":"https:\/\/radiocresatelital.com\/?p=9247"},"modified":"2023-12-29T03:09:13","modified_gmt":"2023-12-29T03:09:13","slug":"presidente-daniel-noboa-mantuvo-un-encuentro-con-algunos-alcaldes-del-pais","status":"publish","type":"post","link":"https:\/\/radiocresatelital.com\/?p=9247","title":{"rendered":"Presidente Daniel Noboa mantuvo un encuentro con algunos Alcaldes del Pa\u00eds"},"content":{"rendered":"<p>Daule, Guayas. Daule fue el escenario del encuentro entre el presidente Daniel Noboa Azin y los alcaldes que pertenecen a la regional 5 de la Asociaci\u00f3n de Municipalidades del Ecuador (AME). Durante la cita efectuada hoy, 28 de diciembre, autoridades locales y nacionales dialogaron sobre la articulaci\u00f3n de acciones conjuntas para el bienestar de la ciudadan\u00eda.<\/p>\n<p>Entre los principales temas abordados estuvo el proceso del pago de la deuda que mantiene el Gobierno Nacional con los GAD, y que fue heredada por la administraci\u00f3n anterior. Al respecto, el mandatario reafirm\u00f3 que una de las prioridades de su gesti\u00f3n es ponerse al d\u00eda con estos valores pendientes, por lo que detall\u00f3 que se contin\u00faa implementando acciones estrat\u00e9gicas para cumplir con este objetivo y mejorar la situaci\u00f3n econ\u00f3mica.<\/p>\n<p>\u201cEste Gobierno quiere cumplir con los GAD y tener una buena relaci\u00f3n, independientemente del partido pol\u00edtico al que pertenezcan. Lo importante es trabajar juntos\u201d, asegur\u00f3. Precisamente, el Jefe de Estado tambi\u00e9n hizo un llamado a las autoridades locales para contribuir con el manejo eficiente de los recursos p\u00fablicos.<\/p>\n<p>Por su parte, el alcalde del cant\u00f3n Vinces, Alfonso Montalv\u00e1n, reconoci\u00f3 el compromiso del gobierno central en el pago de las obligaciones pendientes: \u201cNoboa hered\u00f3 una deuda que vino de un gobierno nefasto. \u00c9l tiene que sacar al pa\u00eds del fango en el que est\u00e1. Hay que apoyar y comprender, por ejemplo, bajar el gasto corriente<\/p>\n","protected":false},"excerpt":{"rendered":"<p>Daule, Guayas. Daule fue el escenario del encuentro entre el presidente Daniel Noboa Azin y los alcaldes que pertenecen a la regional 5 de la Asociaci\u00f3n de Municipalidades del Ecuador (AME). Durante la cita efectuada hoy, 28 de diciembre, autoridades locales y nacionales dialogaron sobre la articulaci\u00f3n de acciones conjuntas para el bienestar de la [&hellip;]<\/p>\n","protected":false},"author":2,"featured_media":9248,"comment_status":"open","ping_status":"closed","sticky":false,"template":"","format":"standard","meta":{"_jetpack_memberships_contains_paid_content":false,"footnotes":""},"categories":[13],"tags":[1595,1322],"class_list":["post-9247","post","type-post","status-publish","format-standard","has-post-thumbnail","hentry","category-noticias-nacionales","tag-ame","tag-presidente-daniel-noboa"],"jetpack_featured_media_url":"https:\/\/radiocresatelital.com\/wp-content\/uploads\/2023\/12\/658ddea9e799a.jpeg","jetpack_sharing_enabled":true,"_links":{"self":[{"href":"https:\/\/radiocresatelital.com\/index.php?rest_route=\/wp\/v2\/posts\/9247","targetHints":{"allow":["GET"]}}],"collection":[{"href":"https:\/\/radiocresatelital.com\/index.php?rest_route=\/wp\/v2\/posts"}],"about":[{"href":"https:\/\/radiocresatelital.com\/index.php?rest_route=\/wp\/v2\/types\/post"}],"author":[{"embeddable":true,"href":"https:\/\/radiocresatelital.com\/index.php?rest_route=\/wp\/v2\/users\/2"}],"replies":[{"embeddable":true,"href":"https:\/\/radiocresatelital.com\/index.php?rest_route=%2Fwp%2Fv2%2Fcomments&post=9247"}],"version-history":[{"count":1,"href":"https:\/\/radiocresatelital.com\/index.php?rest_route=\/wp\/v2\/posts\/9247\/revisions"}],"predecessor-version":[{"id":9249,"href":"https:\/\/radiocresatelital.com\/index.php?rest_route=\/wp\/v2\/posts\/9247\/revisions\/9249"}],"wp:featuredmedia":[{"embeddable":true,"href":"https:\/\/radiocresatelital.com\/index.php?rest_route=\/wp\/v2\/media\/9248"}],"wp:attachment":[{"href":"https:\/\/radiocresatelital.com\/index.php?rest_route=%2Fwp%2Fv2%2Fmedia&parent=9247"}],"wp:term":[{"taxonomy":"category","embeddable":true,"href":"https:\/\/radiocresatelital.com\/index.php?rest_route=%2Fwp%2Fv2%2Fcategories&post=9247"},{"taxonomy":"post_tag","embeddable":true,"href":"https:\/\/radiocresatelital.com\/index.php?rest_route=%2Fwp%2Fv2%2Ftags&post=9247"}],"curies":[{"name":"wp","href":"https:\/\/api.w.org\/{rel}","templated":true}]}}