{"id":9235,"date":"2023-12-29T00:01:54","date_gmt":"2023-12-29T00:01:54","guid":{"rendered":"https:\/\/radiocresatelital.com\/?p=9235"},"modified":"2023-12-29T03:02:32","modified_gmt":"2023-12-29T03:02:32","slug":"orden-de-captura-para-jorge-glas","status":"publish","type":"post","link":"https:\/\/radiocresatelital.com\/?p=9235","title":{"rendered":"Orden de captura para Jorge Glas"},"content":{"rendered":"<p>Quito.- La Jueza Melissa Mu\u00f1oz neg\u00f3 pedido de prelibertad al exvicepresidente Jorge Glas en la audiencia que se realiz\u00f3 esta tarde y por lo tanto se dispuso su localizaci\u00f3n y captura.<\/p>\n<p>Luego de analizar si cumpl\u00eda o no los requisitos, tras haber cumplido el 40 % de la condena por las sentencias de los casos Sobornos y Odebrecht, la autoridad decidi\u00f3 que deb\u00eda regresar a prisi\u00f3n. El ex vicepresidente hizo presencia telem\u00e1tica desde la embajada de M\u00e9xico en Quito.<\/p>\n<p>Producto de este refugio otorgado por M\u00e9xico, existe una situaci\u00f3n confusa en torno al accionar de lass autoridades mexicanas ya que el delito del cual se lo acusa es delincuencia com\u00fan y no tiene relaci\u00f3n con la pol\u00edtica.<\/p>\n","protected":false},"excerpt":{"rendered":"<p>Quito.- La Jueza Melissa Mu\u00f1oz neg\u00f3 pedido de prelibertad al exvicepresidente Jorge Glas en la audiencia que se realiz\u00f3 esta tarde y por lo tanto se dispuso su localizaci\u00f3n y captura. Luego de analizar si cumpl\u00eda o no los requisitos, tras haber cumplido el 40 % de la condena por las sentencias de los casos [&hellip;]<\/p>\n","protected":false},"author":3,"featured_media":9246,"comment_status":"open","ping_status":"closed","sticky":false,"template":"","format":"standard","meta":{"_jetpack_memberships_contains_paid_content":false,"footnotes":""},"categories":[13],"tags":[725],"class_list":["post-9235","post","type-post","status-publish","format-standard","has-post-thumbnail","hentry","category-noticias-nacionales","tag-jorge-glas"],"jetpack_featured_media_url":"https:\/\/radiocresatelital.com\/wp-content\/uploads\/2023\/12\/6587b719e9ff7132365329e3.jpg","jetpack_sharing_enabled":true,"_links":{"self":[{"href":"https:\/\/radiocresatelital.com\/index.php?rest_route=\/wp\/v2\/posts\/9235","targetHints":{"allow":["GET"]}}],"collection":[{"href":"https:\/\/radiocresatelital.com\/index.php?rest_route=\/wp\/v2\/posts"}],"about":[{"href":"https:\/\/radiocresatelital.com\/index.php?rest_route=\/wp\/v2\/types\/post"}],"author":[{"embeddable":true,"href":"https:\/\/radiocresatelital.com\/index.php?rest_route=\/wp\/v2\/users\/3"}],"replies":[{"embeddable":true,"href":"https:\/\/radiocresatelital.com\/index.php?rest_route=%2Fwp%2Fv2%2Fcomments&post=9235"}],"version-history":[{"count":2,"href":"https:\/\/radiocresatelital.com\/index.php?rest_route=\/wp\/v2\/posts\/9235\/revisions"}],"predecessor-version":[{"id":9245,"href":"https:\/\/radiocresatelital.com\/index.php?rest_route=\/wp\/v2\/posts\/9235\/revisions\/9245"}],"wp:featuredmedia":[{"embeddable":true,"href":"https:\/\/radiocresatelital.com\/index.php?rest_route=\/wp\/v2\/media\/9246"}],"wp:attachment":[{"href":"https:\/\/radiocresatelital.com\/index.php?rest_route=%2Fwp%2Fv2%2Fmedia&parent=9235"}],"wp:term":[{"taxonomy":"category","embeddable":true,"href":"https:\/\/radiocresatelital.com\/index.php?rest_route=%2Fwp%2Fv2%2Fcategories&post=9235"},{"taxonomy":"post_tag","embeddable":true,"href":"https:\/\/radiocresatelital.com\/index.php?rest_route=%2Fwp%2Fv2%2Ftags&post=9235"}],"curies":[{"name":"wp","href":"https:\/\/api.w.org\/{rel}","templated":true}]}}