{"id":9232,"date":"2023-12-28T23:44:14","date_gmt":"2023-12-28T23:44:14","guid":{"rendered":"https:\/\/radiocresatelital.com\/?p=9232"},"modified":"2023-12-29T02:56:25","modified_gmt":"2023-12-29T02:56:25","slug":"vocal-xavier-munoz-preso-por-obstruccionn-a-la-justicia","status":"publish","type":"post","link":"https:\/\/radiocresatelital.com\/?p=9232","title":{"rendered":"Vocal Xavier Mu\u00f1oz: Preso por obstrucci\u00f3nn a la justicia"},"content":{"rendered":"<p>Guayaquil.- Xavier Mu\u00f1oz, Vocal del Consejo de la Judicatura,, fue detenido esta tarde en El Cortijo, Samborond\u00f3n en un mega operativo donde intervino la Polic\u00eda Nacional, Fuerzas Armadas y Fiscal\u00eda General del Estado. Los cargos que se le imputan corresponden a obstrucci\u00f3n de la justicia, raz\u00f3n por la que el juez Luis Rivera, dict\u00f3 una orden de prisi\u00f3n preventiva.<\/p>\n<p>El hecho que motiv\u00f3 esta acci\u00f3n legal fue la destituci\u00f3n del juez Walter Mac\u00edas, con 2 de 5 votos, de forma telem\u00e1tica y sin la certeza que los vocales del Consejo de la Judicatura\u00a0 esten dentro del territorio patrio. Maribel Barreno, que tambi\u00e9n estuvo en dicho votaci\u00f3n pero se abstuvo, tiene prohibici\u00f3n de abandonar el pa\u00eds.<\/p>\n<p>Luego de los correspondientes ex\u00e1menes m\u00e9dicos para verificar su estado de salud, ser\u00e1 trasladado a la C\u00e1rcel 4 en la capital, que es la misma prisi\u00f3n donde se encuentra Wilman Ter\u00e1n.<\/p>\n<p>&nbsp;<\/p>\n<div style=\"width: 480px;\" class=\"wp-video\"><video class=\"wp-video-shortcode\" id=\"video-9232-1\" width=\"480\" height=\"848\" preload=\"metadata\" controls=\"controls\"><source type=\"video\/mp4\" src=\"https:\/\/radiocresatelital.com\/wp-content\/uploads\/2023\/12\/WhatsApp-Video-2023-12-28-at-7.40.39-PM.mp4?_=1\" \/><a href=\"https:\/\/radiocresatelital.com\/wp-content\/uploads\/2023\/12\/WhatsApp-Video-2023-12-28-at-7.40.39-PM.mp4\">https:\/\/radiocresatelital.com\/wp-content\/uploads\/2023\/12\/WhatsApp-Video-2023-12-28-at-7.40.39-PM.mp4<\/a><\/video><\/div>\n","protected":false},"excerpt":{"rendered":"<p>Guayaquil.- Xavier Mu\u00f1oz, Vocal del Consejo de la Judicatura,, fue detenido esta tarde en El Cortijo, Samborond\u00f3n en un mega operativo donde intervino la Polic\u00eda Nacional, Fuerzas Armadas y Fiscal\u00eda General del Estado. Los cargos que se le imputan corresponden a obstrucci\u00f3n de la justicia, raz\u00f3n por la que el juez Luis Rivera, dict\u00f3 una [&hellip;]<\/p>\n","protected":false},"author":3,"featured_media":9244,"comment_status":"open","ping_status":"closed","sticky":false,"template":"","format":"standard","meta":{"_jetpack_memberships_contains_paid_content":false,"footnotes":""},"categories":[13],"tags":[1593],"class_list":["post-9232","post","type-post","status-publish","format-standard","has-post-thumbnail","hentry","category-noticias-nacionales","tag-xavier-munoz"],"jetpack_featured_media_url":"https:\/\/radiocresatelital.com\/wp-content\/uploads\/2023\/12\/xaviermunoz_1306056_20231228143703.jpg","jetpack_sharing_enabled":true,"_links":{"self":[{"href":"https:\/\/radiocresatelital.com\/index.php?rest_route=\/wp\/v2\/posts\/9232","targetHints":{"allow":["GET"]}}],"collection":[{"href":"https:\/\/radiocresatelital.com\/index.php?rest_route=\/wp\/v2\/posts"}],"about":[{"href":"https:\/\/radiocresatelital.com\/index.php?rest_route=\/wp\/v2\/types\/post"}],"author":[{"embeddable":true,"href":"https:\/\/radiocresatelital.com\/index.php?rest_route=\/wp\/v2\/users\/3"}],"replies":[{"embeddable":true,"href":"https:\/\/radiocresatelital.com\/index.php?rest_route=%2Fwp%2Fv2%2Fcomments&post=9232"}],"version-history":[{"count":3,"href":"https:\/\/radiocresatelital.com\/index.php?rest_route=\/wp\/v2\/posts\/9232\/revisions"}],"predecessor-version":[{"id":9243,"href":"https:\/\/radiocresatelital.com\/index.php?rest_route=\/wp\/v2\/posts\/9232\/revisions\/9243"}],"wp:featuredmedia":[{"embeddable":true,"href":"https:\/\/radiocresatelital.com\/index.php?rest_route=\/wp\/v2\/media\/9244"}],"wp:attachment":[{"href":"https:\/\/radiocresatelital.com\/index.php?rest_route=%2Fwp%2Fv2%2Fmedia&parent=9232"}],"wp:term":[{"taxonomy":"category","embeddable":true,"href":"https:\/\/radiocresatelital.com\/index.php?rest_route=%2Fwp%2Fv2%2Fcategories&post=9232"},{"taxonomy":"post_tag","embeddable":true,"href":"https:\/\/radiocresatelital.com\/index.php?rest_route=%2Fwp%2Fv2%2Ftags&post=9232"}],"curies":[{"name":"wp","href":"https:\/\/api.w.org\/{rel}","templated":true}]}}