{"id":9228,"date":"2023-12-28T21:35:49","date_gmt":"2023-12-28T21:35:49","guid":{"rendered":"https:\/\/radiocresatelital.com\/?p=9228"},"modified":"2023-12-28T21:35:49","modified_gmt":"2023-12-28T21:35:49","slug":"municipio-de-guayaquil-se-prepara-para-cobro-de-impuestos-prediales-con-capacitaciones-y-ampliacion-de-horarios-de-atencion-y-ventanillas","status":"publish","type":"post","link":"https:\/\/radiocresatelital.com\/?p=9228","title":{"rendered":"Municipio de Guayaquil se prepara para cobro de impuestos prediales con capacitaciones y ampliaci\u00f3n de horarios de atenci\u00f3n y ventanillas"},"content":{"rendered":"<p>Guayaquil.- El MI Municipio de Guayaquil inicia el nuevo a\u00f1o ofreciendo facilidades a los usuarios que buscan pagar los impuestos prediales y acogerse al descuento del 10% que rige en la primera quincena de enero. Por eso desde este 2 de enero de 2024, la atenci\u00f3n empezar\u00e1 m\u00e1s temprano a las 07h00 y se extender\u00e1 hasta las 17h00 locales (12h00 a 22h00 GMT).<\/p>\n<p>Adem\u00e1s, el Cabildo incrementar\u00e1 el n\u00famero de ventanillas, que pasa de 15 a 20 ventanillas, m\u00e1s cuatro m\u00f3dulos quioscos,<br \/>\nrepartidos en tres bloques. Se habilitar\u00e1 una fila especial para las personas con discapacidad y\/o con movilidad reducida.<\/p>\n<p>Para ellos habr\u00e1 una zona preferencial con carpas y sillas para que sean atendidos con mayor comodidad.<\/p>\n<p>Para precautelar la seguridad de los usuarios, se realizar\u00e1n patrullajes desde las 4h00 locales (09h00 GMT)con uniformados de SEGURA.<\/p>\n<p>Tambi\u00e9n se desplegar\u00e1 una brigada m\u00e9dica para atender cualquier imprevisto en la salud de las personas. Adicionalmente, desde este jueves 28 de diciembre de 2023 se impartir\u00e1n capacitaciones integrales a agentes metropolitanos y personal de Secretar\u00eda y de las direcciones de Salud, Financiero y Comunicaci\u00f3n, con el objetivo de que puedan resolver las dudas de<br \/>\nlas personas en torno a los impuestos prediales.<\/p>\n<p>Las personas que se acerquen a las ventanillas municipales deben llevar consigo el c\u00f3digo catastral de la propiedad. Quienes no conozcan su c\u00f3digo podr\u00e1n obtenerlo llamando al n\u00famero 042594800, extensi\u00f3n 1.<\/p>\n<p>En la p\u00e1gina web oficial del Municipio de Guayaquil www.guayaquiI.gob.ec se puede consultar el valor y pagar all\u00ed mismo el impuesto predial. En este portal tambi\u00e9n hay botones de pago de las diferentes entidades financieras con el objetivo de<br \/>\nfacilitar el tr\u00e1mite al usuario.<\/p>\n<p>Adem\u00e1s, la Municipalidad tiene convenios de recaudaci\u00f3n; tanto pagos en efectivos, cheques certificados, as\u00ed como tarjetas de d\u00e9bito y cr\u00e9dito, los cuales son los siguientes:<\/p>\n<p>\u2022 Banco Guayaquil<br \/>\n\u2022 Banco del Pac\u00edfico<br \/>\n\u2022 Banco Pichincha<br \/>\n\u2022 Banco Bolivariano<br \/>\n\u2022 Produbanco<br \/>\n\u2022 Diners Club<br \/>\n\u2022 Western Union<br \/>\n\u2022 Reporne Facilito<br \/>\n\u2022 Kushki Pagos<br \/>\n\u2022 Quioscos municipales<br \/>\n\u2022 Cooperativa de Ahorro y Cr\u00e9dito Nueva Huancavilca<\/p>\n<p>Los accesos a estas entidades financieras constan en www.guayaquiI.gob.ec donde tambi\u00e9n se puede imprimir el comprobante de pago, si es que el usuario as\u00ed lo desea, en 48 horas posteriores. Es importante aclarar que el \u00abrecibo electr\u00f3nico de pago\u00bb tiene la misma validez de los comprobantes que se emiten en las ventanillas de la Municipalidad.<\/p>\n<p>Es importante aclarar que hasta el 15 de enero de 2024 rige el descuento del 10%, el cual se ir\u00e1 reduciendo en un punto<br \/>\nporcentual cada quincena hasta junio.<\/p>\n","protected":false},"excerpt":{"rendered":"<p>Guayaquil.- El MI Municipio de Guayaquil inicia el nuevo a\u00f1o ofreciendo facilidades a los usuarios que buscan pagar los impuestos prediales y acogerse al descuento del 10% que rige en la primera quincena de enero. Por eso desde este 2 de enero de 2024, la atenci\u00f3n empezar\u00e1 m\u00e1s temprano a las 07h00 y se extender\u00e1 [&hellip;]<\/p>\n","protected":false},"author":2,"featured_media":9229,"comment_status":"open","ping_status":"closed","sticky":false,"template":"","format":"standard","meta":{"_jetpack_memberships_contains_paid_content":false,"footnotes":""},"categories":[33,13],"tags":[1592,1016],"class_list":["post-9228","post","type-post","status-publish","format-standard","has-post-thumbnail","hentry","category-guayaquil","category-noticias-nacionales","tag-impuestos-prediales","tag-municipalidad-de-guayaquil"],"jetpack_featured_media_url":"https:\/\/radiocresatelital.com\/wp-content\/uploads\/2023\/12\/6536fabcade66.jpeg","jetpack_sharing_enabled":true,"_links":{"self":[{"href":"https:\/\/radiocresatelital.com\/index.php?rest_route=\/wp\/v2\/posts\/9228","targetHints":{"allow":["GET"]}}],"collection":[{"href":"https:\/\/radiocresatelital.com\/index.php?rest_route=\/wp\/v2\/posts"}],"about":[{"href":"https:\/\/radiocresatelital.com\/index.php?rest_route=\/wp\/v2\/types\/post"}],"author":[{"embeddable":true,"href":"https:\/\/radiocresatelital.com\/index.php?rest_route=\/wp\/v2\/users\/2"}],"replies":[{"embeddable":true,"href":"https:\/\/radiocresatelital.com\/index.php?rest_route=%2Fwp%2Fv2%2Fcomments&post=9228"}],"version-history":[{"count":1,"href":"https:\/\/radiocresatelital.com\/index.php?rest_route=\/wp\/v2\/posts\/9228\/revisions"}],"predecessor-version":[{"id":9230,"href":"https:\/\/radiocresatelital.com\/index.php?rest_route=\/wp\/v2\/posts\/9228\/revisions\/9230"}],"wp:featuredmedia":[{"embeddable":true,"href":"https:\/\/radiocresatelital.com\/index.php?rest_route=\/wp\/v2\/media\/9229"}],"wp:attachment":[{"href":"https:\/\/radiocresatelital.com\/index.php?rest_route=%2Fwp%2Fv2%2Fmedia&parent=9228"}],"wp:term":[{"taxonomy":"category","embeddable":true,"href":"https:\/\/radiocresatelital.com\/index.php?rest_route=%2Fwp%2Fv2%2Fcategories&post=9228"},{"taxonomy":"post_tag","embeddable":true,"href":"https:\/\/radiocresatelital.com\/index.php?rest_route=%2Fwp%2Fv2%2Ftags&post=9228"}],"curies":[{"name":"wp","href":"https:\/\/api.w.org\/{rel}","templated":true}]}}