{"id":9225,"date":"2023-12-28T21:26:27","date_gmt":"2023-12-28T21:26:27","guid":{"rendered":"https:\/\/radiocresatelital.com\/?p=9225"},"modified":"2023-12-28T21:26:27","modified_gmt":"2023-12-28T21:26:27","slug":"el-comite-consultivo-de-jovenes-de-la-ue-en-ecuador-se-reunio-con-cancilleria-para-presentar-los-resultados-de-la-cumbre-juvenil-en-accion","status":"publish","type":"post","link":"https:\/\/radiocresatelital.com\/?p=9225","title":{"rendered":"El Comit\u00e9 Consultivo de J\u00f3venes de la UE en Ecuador se reuni\u00f3 con Canciller\u00eda para presentar los resultados de la Cumbre Juvenil en Acci\u00f3n"},"content":{"rendered":"<p>Quito.- En d\u00edas pasados, el Comit\u00e9 Consultivo de J\u00f3venes de la Uni\u00f3n Europea en Ecuador (CoCoECU), se reunieron en Quito para preparar sus actividades para 2024 y dialogar sobre los proyectos que han impulsado para dar voz a los j\u00f3venes del pa\u00eds y entregar propuestas en beneficio de la juventud ecuatoriana. Adem\u00e1s, presentaron el Informe integral de la 1era Cumbre Juvenil en Acci\u00f3n al Gobierno, actores de la sociedad civil y a la cooperaci\u00f3n internacional.<\/p>\n<p>El grupo mantuvo una reuni\u00f3n en Canciller\u00eda con el viceministro Carlos Larrea, quien escuch\u00f3 sus propuestas encaminadas en 4 aristas: Medio ambiente, Empleabilidad juvenil, Igualdad de G\u00e9nero y Participaci\u00f3n Ciudadana. \u201cUno de los principales ejes del Gobierno es trabajar por la juventud ecuatoriana, es grato para m\u00ed recibirlos y evaluar las propuestas que han recopilado durante su trabajo en el Comit\u00e9, tengan por seguro que ser\u00e1n escuchadas y evaluadas para generar mayores oportunidades a los j\u00f3venes\u201d, resalt\u00f3 Larrea, durante el encuentro.<\/p>\n<p>De su lado, Charles-Michel Geurts, embajador de la Uni\u00f3n Europea en Ecuador, felicit\u00f3 a los j\u00f3venes por las acciones que han emprendido y su involucramiento en los proyectos de cooperaci\u00f3n que impulsa la UE en el pa\u00eds, \u201cSu trabajo es importante para nosotros porque nos ayuda a entender el sentir de la juventud y nos permite impulsar acciones dirigidas a este grupo de la poblaci\u00f3n\u201d, se\u00f1al\u00f3.<\/p>\n<p>Como parte de su agenda, el Comit\u00e9 se reuni\u00f3 con el Consejo de Igualdad Intergeneracional, para poder conectar sus acciones con las que desarrolla esta instituci\u00f3n en el territorio.<\/p>\n<p>Adem\u00e1s, el CoCoECU present\u00f3 los resultados de la 1era Cumbre Juvenil en Acci\u00f3n, un evento que se realiz\u00f3 en agosto de 2023 y que convoc\u00f3 a m\u00e1s 200 participantes, entre entidades de gobierno, actores de la sociedad civil, gremios y asociaciones. El reporte Juventud en Acci\u00f3n: Desaf\u00edos y recomendaciones, recopila el sentir de los j\u00f3venes sobre la situaci\u00f3n del pa\u00eds e incluye las recomendaciones para el gobierno, la cooperaci\u00f3n internacional, la sociedad civil y las organizaciones juveniles para emprender acciones encaminadas a este segmento.<\/p>\n<p>Finalmente, el grupo realiz\u00f3 una planificaci\u00f3n de cara al 2024 donde plantean acciones de impacto dirigidas a todos los rincones del pa\u00eds, para continuar capacitando e involucrando sus ideas en pro de la juventud ecuatoriana.<\/p>\n","protected":false},"excerpt":{"rendered":"<p>Quito.- En d\u00edas pasados, el Comit\u00e9 Consultivo de J\u00f3venes de la Uni\u00f3n Europea en Ecuador (CoCoECU), se reunieron en Quito para preparar sus actividades para 2024 y dialogar sobre los proyectos que han impulsado para dar voz a los j\u00f3venes del pa\u00eds y entregar propuestas en beneficio de la juventud ecuatoriana. Adem\u00e1s, presentaron el Informe [&hellip;]<\/p>\n","protected":false},"author":2,"featured_media":9226,"comment_status":"open","ping_status":"closed","sticky":false,"template":"","format":"standard","meta":{"_jetpack_memberships_contains_paid_content":false,"footnotes":""},"categories":[13],"tags":[1591,1590],"class_list":["post-9225","post","type-post","status-publish","format-standard","has-post-thumbnail","hentry","category-noticias-nacionales","tag-comite-consultivo-de-jovenes","tag-union-europea-en-ecuador"],"jetpack_featured_media_url":"https:\/\/radiocresatelital.com\/wp-content\/uploads\/2023\/12\/foto-Cocoecu-cancilleria.jpeg","jetpack_sharing_enabled":true,"_links":{"self":[{"href":"https:\/\/radiocresatelital.com\/index.php?rest_route=\/wp\/v2\/posts\/9225","targetHints":{"allow":["GET"]}}],"collection":[{"href":"https:\/\/radiocresatelital.com\/index.php?rest_route=\/wp\/v2\/posts"}],"about":[{"href":"https:\/\/radiocresatelital.com\/index.php?rest_route=\/wp\/v2\/types\/post"}],"author":[{"embeddable":true,"href":"https:\/\/radiocresatelital.com\/index.php?rest_route=\/wp\/v2\/users\/2"}],"replies":[{"embeddable":true,"href":"https:\/\/radiocresatelital.com\/index.php?rest_route=%2Fwp%2Fv2%2Fcomments&post=9225"}],"version-history":[{"count":1,"href":"https:\/\/radiocresatelital.com\/index.php?rest_route=\/wp\/v2\/posts\/9225\/revisions"}],"predecessor-version":[{"id":9227,"href":"https:\/\/radiocresatelital.com\/index.php?rest_route=\/wp\/v2\/posts\/9225\/revisions\/9227"}],"wp:featuredmedia":[{"embeddable":true,"href":"https:\/\/radiocresatelital.com\/index.php?rest_route=\/wp\/v2\/media\/9226"}],"wp:attachment":[{"href":"https:\/\/radiocresatelital.com\/index.php?rest_route=%2Fwp%2Fv2%2Fmedia&parent=9225"}],"wp:term":[{"taxonomy":"category","embeddable":true,"href":"https:\/\/radiocresatelital.com\/index.php?rest_route=%2Fwp%2Fv2%2Fcategories&post=9225"},{"taxonomy":"post_tag","embeddable":true,"href":"https:\/\/radiocresatelital.com\/index.php?rest_route=%2Fwp%2Fv2%2Ftags&post=9225"}],"curies":[{"name":"wp","href":"https:\/\/api.w.org\/{rel}","templated":true}]}}