{"id":9218,"date":"2023-12-28T20:48:06","date_gmt":"2023-12-28T20:48:06","guid":{"rendered":"https:\/\/radiocresatelital.com\/?p=9218"},"modified":"2023-12-28T20:48:06","modified_gmt":"2023-12-28T20:48:06","slug":"durante-gabinete-sectorial-de-seguridad-se-platearon-acciones-estrategicas-contra-la-delincuencia","status":"publish","type":"post","link":"https:\/\/radiocresatelital.com\/?p=9218","title":{"rendered":"Durante Gabinete sectorial de seguridad se platearon acciones estrat\u00e9gicas contra la delincuencia"},"content":{"rendered":"<p>Daule.- En una sesi\u00f3n estrat\u00e9gica efectuada hoy en Daule, el Gabinete Sectorial de Seguridad, liderado por el presidente Daniel Noboa Azin, analiz\u00f3 las acciones para disminuir la incidencia delictiva en \u00e1reas cr\u00edticas del pa\u00eds, como en esta zona.<\/p>\n<p>Durante esta mesa de trabajo, en la que participaron representantes de las diferentes carteras de Estado, la Polic\u00eda Nacional, las Fuerzas Armadas y el alcalde del Municipio de Daule, Wilson Ca\u00f1izares, se definieron las siguientes acciones para salvaguardar la seguridad de los ciudadanos:<\/p>\n<p>\u2022 Intensificar los operativos CAMEX, enfocados en el control riguroso de armas, explosivos y municiones.<\/p>\n<p>\u2022 Ampliar la participaci\u00f3n en estos operativos del bloque de seguridad, conformado por las Fuerzas Armadas y la Polic\u00eda Nacional.<\/p>\n<p>\u2022 Se efectuar\u00e1 una evaluaci\u00f3n por parte del Ministerio del Interior para la eventual construcci\u00f3n de cuarteles intermedios que reemplacen a las Unidades de Polic\u00eda Comunitaria (UPC), con el fin de mejorar la protecci\u00f3n a los servidores policiales y disuasi\u00f3n del delito en \u00e1reas sensibles.<\/p>\n<p>Adem\u00e1s, para este cant\u00f3n espec\u00edficamente, se coordinaron acciones para patrullajes permanentes en el r\u00edo Daule, con el fin de controlar armas y explosivos.<\/p>\n<p>En relaci\u00f3n a las medidas de seguridad para el pr\u00f3ximo feriado de Fin de A\u00f1o, Giancarlo Loffredo, ministro de Defensa, anunci\u00f3 que se reforzar\u00e1 la presencia de miembros de las Fuerzas Armadas en todos los balnearios; se implementar\u00e1n patrullajes mar\u00edtimos en todas las playas del pa\u00eds y se desplegar\u00e1n efectivos uniformados para realizar recorridos en la zona costera; controles en las v\u00edas de acceso; y se contempla la posible utilizaci\u00f3n de helic\u00f3pteros en \u00e1reas tur\u00edsticas espec\u00edficas, tal como se hizo durante el feriado de Navidad.<\/p>\n","protected":false},"excerpt":{"rendered":"<p>Daule.- En una sesi\u00f3n estrat\u00e9gica efectuada hoy en Daule, el Gabinete Sectorial de Seguridad, liderado por el presidente Daniel Noboa Azin, analiz\u00f3 las acciones para disminuir la incidencia delictiva en \u00e1reas cr\u00edticas del pa\u00eds, como en esta zona. Durante esta mesa de trabajo, en la que participaron representantes de las diferentes carteras de Estado, la [&hellip;]<\/p>\n","protected":false},"author":2,"featured_media":9219,"comment_status":"open","ping_status":"closed","sticky":false,"template":"","format":"standard","meta":{"_jetpack_memberships_contains_paid_content":false,"footnotes":""},"categories":[13],"tags":[1586,1322],"class_list":["post-9218","post","type-post","status-publish","format-standard","has-post-thumbnail","hentry","category-noticias-nacionales","tag-gabinete-sectorial-de-seguridad","tag-presidente-daniel-noboa"],"jetpack_featured_media_url":"https:\/\/radiocresatelital.com\/wp-content\/uploads\/2023\/12\/53427186904_cba2a94848_c.jpg","jetpack_sharing_enabled":true,"_links":{"self":[{"href":"https:\/\/radiocresatelital.com\/index.php?rest_route=\/wp\/v2\/posts\/9218","targetHints":{"allow":["GET"]}}],"collection":[{"href":"https:\/\/radiocresatelital.com\/index.php?rest_route=\/wp\/v2\/posts"}],"about":[{"href":"https:\/\/radiocresatelital.com\/index.php?rest_route=\/wp\/v2\/types\/post"}],"author":[{"embeddable":true,"href":"https:\/\/radiocresatelital.com\/index.php?rest_route=\/wp\/v2\/users\/2"}],"replies":[{"embeddable":true,"href":"https:\/\/radiocresatelital.com\/index.php?rest_route=%2Fwp%2Fv2%2Fcomments&post=9218"}],"version-history":[{"count":1,"href":"https:\/\/radiocresatelital.com\/index.php?rest_route=\/wp\/v2\/posts\/9218\/revisions"}],"predecessor-version":[{"id":9220,"href":"https:\/\/radiocresatelital.com\/index.php?rest_route=\/wp\/v2\/posts\/9218\/revisions\/9220"}],"wp:featuredmedia":[{"embeddable":true,"href":"https:\/\/radiocresatelital.com\/index.php?rest_route=\/wp\/v2\/media\/9219"}],"wp:attachment":[{"href":"https:\/\/radiocresatelital.com\/index.php?rest_route=%2Fwp%2Fv2%2Fmedia&parent=9218"}],"wp:term":[{"taxonomy":"category","embeddable":true,"href":"https:\/\/radiocresatelital.com\/index.php?rest_route=%2Fwp%2Fv2%2Fcategories&post=9218"},{"taxonomy":"post_tag","embeddable":true,"href":"https:\/\/radiocresatelital.com\/index.php?rest_route=%2Fwp%2Fv2%2Ftags&post=9218"}],"curies":[{"name":"wp","href":"https:\/\/api.w.org\/{rel}","templated":true}]}}