{"id":9215,"date":"2023-12-28T20:43:09","date_gmt":"2023-12-28T20:43:09","guid":{"rendered":"https:\/\/radiocresatelital.com\/?p=9215"},"modified":"2023-12-28T20:43:09","modified_gmt":"2023-12-28T20:43:09","slug":"240-000-vehiculos-cumplieron-con-la-revision-tecnica-en-guayaquil","status":"publish","type":"post","link":"https:\/\/radiocresatelital.com\/?p=9215","title":{"rendered":"240.000 veh\u00edculos cumplieron con la revisi\u00f3n t\u00e9cnica en Guayaquil"},"content":{"rendered":"<p>Guayaquil.- Hasta este 28 de diciembre alrededor de 240.000 veh\u00edculos han cumplido con el tr\u00e1mite de matriculaci\u00f3n y revisi\u00f3n t\u00e9cnica, en los centros de la Agencia de Tr\u00e1nsito y Movilidad (ATM).<\/p>\n<p>Edgar Lupera, director de Registro y Revisi\u00f3n T\u00e9cnica Vehicular, manifest\u00f3 que la exploraci\u00f3n de motocicletas y automotores est\u00e1 habilitada hasta el s\u00e1bado 30 de diciembre, siempre que el usuario haya pagado los valores correspondientes hasta el 28 de diciembre.<\/p>\n<p>\u201cSi no realizan el proceso de matriculaci\u00f3n de 2023, en enero de 2024 no podr\u00e1n circular y se mantendr\u00e1n los operativos constantes\u201d, advirti\u00f3 Lupera. A eso se suma que el Servicio de Rentas Internas (SRI) y la Agencia Nacional de Tr\u00e1nsito (ANT) realizan una depuraci\u00f3n de sus p\u00e1ginas durante las tres primeras semanas, por lo que no habr\u00e1 proceso de matriculaci\u00f3n.<\/p>\n<p>As\u00ed mismo otros tr\u00e1mites que se suspenden desde el 28 de diciembre son: bloqueo de veh\u00edculos, cambio de servicio, desbloqueo, duplicado de matr\u00edcula, emisi\u00f3n de matr\u00edcula por primera vez, transferencia de dominio, de poseer veh\u00edculo, improntas chasis y motor y certificado \u00fanico vehicular e historial de infracciones.<\/p>\n<p>Para la revisi\u00f3n en los centros municipales el conductor debe presentarse con el veh\u00edculo, sin necesidad de un turno y la copia o el original de la matr\u00edcula anterior.<\/p>\n<p>Todo el tr\u00e1mite toma alrededor de 20 minutos. Francisco Galindo lleg\u00f3 con su moto y consider\u00f3 que \u201ces muy importante cumplir porque me evito las multas y ando m\u00e1s seguro\u201d. \u201cSiempre se deja las cosas para \u00faltima hora, pero hay que hacerlo dentro del a\u00f1o y ahora es la oportunidad\u201d, indic\u00f3 Arturo Serrano.<\/p>\n<p>Este jueves y viernes los Centros de Revisi\u00f3n T\u00e9cnica Vehicular (frente a la Terminal Terrestre, V\u00eda a Daule y Av. 25 de Julio) atienden desde las 7:00 hasta las 19:00 y el s\u00e1bado 30 de diciembre desde las 7:00 hasta las 17:00.<\/p>\n","protected":false},"excerpt":{"rendered":"<p>Guayaquil.- Hasta este 28 de diciembre alrededor de 240.000 veh\u00edculos han cumplido con el tr\u00e1mite de matriculaci\u00f3n y revisi\u00f3n t\u00e9cnica, en los centros de la Agencia de Tr\u00e1nsito y Movilidad (ATM). Edgar Lupera, director de Registro y Revisi\u00f3n T\u00e9cnica Vehicular, manifest\u00f3 que la exploraci\u00f3n de motocicletas y automotores est\u00e1 habilitada hasta el s\u00e1bado 30 de [&hellip;]<\/p>\n","protected":false},"author":2,"featured_media":9216,"comment_status":"open","ping_status":"closed","sticky":false,"template":"","format":"standard","meta":{"_jetpack_memberships_contains_paid_content":false,"footnotes":""},"categories":[33,13],"tags":[431],"class_list":["post-9215","post","type-post","status-publish","format-standard","has-post-thumbnail","hentry","category-guayaquil","category-noticias-nacionales","tag-atm"],"jetpack_featured_media_url":"https:\/\/radiocresatelital.com\/wp-content\/uploads\/2023\/12\/MG_9360-scaled.jpg","jetpack_sharing_enabled":true,"_links":{"self":[{"href":"https:\/\/radiocresatelital.com\/index.php?rest_route=\/wp\/v2\/posts\/9215","targetHints":{"allow":["GET"]}}],"collection":[{"href":"https:\/\/radiocresatelital.com\/index.php?rest_route=\/wp\/v2\/posts"}],"about":[{"href":"https:\/\/radiocresatelital.com\/index.php?rest_route=\/wp\/v2\/types\/post"}],"author":[{"embeddable":true,"href":"https:\/\/radiocresatelital.com\/index.php?rest_route=\/wp\/v2\/users\/2"}],"replies":[{"embeddable":true,"href":"https:\/\/radiocresatelital.com\/index.php?rest_route=%2Fwp%2Fv2%2Fcomments&post=9215"}],"version-history":[{"count":1,"href":"https:\/\/radiocresatelital.com\/index.php?rest_route=\/wp\/v2\/posts\/9215\/revisions"}],"predecessor-version":[{"id":9217,"href":"https:\/\/radiocresatelital.com\/index.php?rest_route=\/wp\/v2\/posts\/9215\/revisions\/9217"}],"wp:featuredmedia":[{"embeddable":true,"href":"https:\/\/radiocresatelital.com\/index.php?rest_route=\/wp\/v2\/media\/9216"}],"wp:attachment":[{"href":"https:\/\/radiocresatelital.com\/index.php?rest_route=%2Fwp%2Fv2%2Fmedia&parent=9215"}],"wp:term":[{"taxonomy":"category","embeddable":true,"href":"https:\/\/radiocresatelital.com\/index.php?rest_route=%2Fwp%2Fv2%2Fcategories&post=9215"},{"taxonomy":"post_tag","embeddable":true,"href":"https:\/\/radiocresatelital.com\/index.php?rest_route=%2Fwp%2Fv2%2Ftags&post=9215"}],"curies":[{"name":"wp","href":"https:\/\/api.w.org\/{rel}","templated":true}]}}