{"id":9212,"date":"2023-12-28T20:33:47","date_gmt":"2023-12-28T20:33:47","guid":{"rendered":"https:\/\/radiocresatelital.com\/?p=9212"},"modified":"2023-12-28T20:33:47","modified_gmt":"2023-12-28T20:33:47","slug":"gobierno-continuara-fortaleciendo-vicariatos-ecuatorianos","status":"publish","type":"post","link":"https:\/\/radiocresatelital.com\/?p=9212","title":{"rendered":"Gobierno continuar\u00e1 fortaleciendo Vicariatos ecuatorianos"},"content":{"rendered":"<p>Quito.- El Ministerio de Gobierno, a trav\u00e9s de la Subsecretar\u00eda de Movimientos, Cultos y Conciencia se reuni\u00f3 con el coordinador de los Vicariatos del Ecuador, Monse\u00f1or Jos\u00e9 Adalberto Jim\u00e9nez, para fortalecer la hoja de ruta que permita un acompa\u00f1amiento eficiente del gobierno de Daniel Noboa con las iglesias en el pa\u00eds.<\/p>\n<p>\u201cLa relaci\u00f3n que tenemos con la Iglesia Cat\u00f3lica y con todas las iglesias, es de vital importancia por la labor que realizan en territorio y dentro del tejido social, por eso el Gobierno del presidente Daniel Noboa, reafirma su compromiso en trabajar con los Vicariatos\u201d, mencion\u00f3 el funcionario de Gobierno, al tiempo de resaltar el trabajo tesonero que los Vicariatos realizan en beneficio de las comunidades m\u00e1s alejadas de los centros poblados del Ecuador.<\/p>\n<p>Monse\u00f1or Jim\u00e9nez, adem\u00e1s, dijo que se trata de Vicariatos pobres y que existe un convenio entre el Estado, los Vicariatos y la Iglesia Cat\u00f3lica; \u201cdonde las misiones se hacen cargo de algunos trabajos importantes que, en coordinaci\u00f3n con el gobierno, atienden salud, educaci\u00f3n y el cuidado de las fronteras, que son objetivos que lo cumplimos\u201d, sentenci\u00f3.<\/p>\n<p>El tambi\u00e9n Obispo de Aguarico agradeci\u00f3 \u201clos aportes y las ayudas que entrega el r\u00e9gimen\u201d, al tiempo de resaltar que las mismas tienen rostro y componente social, \u201cpara beneficio de las poblaciones olvidadas por algunos gobiernos pasados. Agradecemos al gobierno del presidente Daniel Noboa, porque desde el Ministerio de Gobierno la ayuda ha sido muy grande\u201d.<\/p>\n<p>En la reuni\u00f3n particip\u00f3 Viviana Mora, procuradora y representante de los Vicariatos del Ecuador.<\/p>\n","protected":false},"excerpt":{"rendered":"<p>Quito.- El Ministerio de Gobierno, a trav\u00e9s de la Subsecretar\u00eda de Movimientos, Cultos y Conciencia se reuni\u00f3 con el coordinador de los Vicariatos del Ecuador, Monse\u00f1or Jos\u00e9 Adalberto Jim\u00e9nez, para fortalecer la hoja de ruta que permita un acompa\u00f1amiento eficiente del gobierno de Daniel Noboa con las iglesias en el pa\u00eds. \u201cLa relaci\u00f3n que tenemos [&hellip;]<\/p>\n","protected":false},"author":2,"featured_media":9213,"comment_status":"open","ping_status":"closed","sticky":false,"template":"","format":"standard","meta":{"_jetpack_memberships_contains_paid_content":false,"footnotes":""},"categories":[13],"tags":[1361],"class_list":["post-9212","post","type-post","status-publish","format-standard","has-post-thumbnail","hentry","category-noticias-nacionales","tag-ministerio-de-gobierno"],"jetpack_featured_media_url":"https:\/\/radiocresatelital.com\/wp-content\/uploads\/2023\/12\/98f49257-9df0-4ada-b4e6-6a046b2c0994.jpeg","jetpack_sharing_enabled":true,"_links":{"self":[{"href":"https:\/\/radiocresatelital.com\/index.php?rest_route=\/wp\/v2\/posts\/9212","targetHints":{"allow":["GET"]}}],"collection":[{"href":"https:\/\/radiocresatelital.com\/index.php?rest_route=\/wp\/v2\/posts"}],"about":[{"href":"https:\/\/radiocresatelital.com\/index.php?rest_route=\/wp\/v2\/types\/post"}],"author":[{"embeddable":true,"href":"https:\/\/radiocresatelital.com\/index.php?rest_route=\/wp\/v2\/users\/2"}],"replies":[{"embeddable":true,"href":"https:\/\/radiocresatelital.com\/index.php?rest_route=%2Fwp%2Fv2%2Fcomments&post=9212"}],"version-history":[{"count":1,"href":"https:\/\/radiocresatelital.com\/index.php?rest_route=\/wp\/v2\/posts\/9212\/revisions"}],"predecessor-version":[{"id":9214,"href":"https:\/\/radiocresatelital.com\/index.php?rest_route=\/wp\/v2\/posts\/9212\/revisions\/9214"}],"wp:featuredmedia":[{"embeddable":true,"href":"https:\/\/radiocresatelital.com\/index.php?rest_route=\/wp\/v2\/media\/9213"}],"wp:attachment":[{"href":"https:\/\/radiocresatelital.com\/index.php?rest_route=%2Fwp%2Fv2%2Fmedia&parent=9212"}],"wp:term":[{"taxonomy":"category","embeddable":true,"href":"https:\/\/radiocresatelital.com\/index.php?rest_route=%2Fwp%2Fv2%2Fcategories&post=9212"},{"taxonomy":"post_tag","embeddable":true,"href":"https:\/\/radiocresatelital.com\/index.php?rest_route=%2Fwp%2Fv2%2Ftags&post=9212"}],"curies":[{"name":"wp","href":"https:\/\/api.w.org\/{rel}","templated":true}]}}