{"id":9206,"date":"2023-12-28T20:17:50","date_gmt":"2023-12-28T20:17:50","guid":{"rendered":"https:\/\/radiocresatelital.com\/?p=9206"},"modified":"2023-12-28T20:17:50","modified_gmt":"2023-12-28T20:17:50","slug":"se-amplia-la-extension-de-la-vigencia-del-carne-de-discapacidad-hasta-diciembre-de-2024","status":"publish","type":"post","link":"https:\/\/radiocresatelital.com\/?p=9206","title":{"rendered":"Se ampl\u00eda la extensi\u00f3n de la vigencia del carn\u00e9 de discapacidad hasta diciembre de 2024"},"content":{"rendered":"<p>Quito.- Este jueves se desarroll\u00f3 la segunda sesi\u00f3n extraordinaria del pleno del Consejo Nacional para la Igualdad de Discapacidades (Conadis). En la cita se resolvi\u00f3 ampliar la fecha de validez de la especie \u201ccarn\u00e9 de discapacidad\u201d hasta el 31 de diciembre de 2024 para garantizar el respeto a los derechos y las medidas de acci\u00f3n afirmativa con las personas con discapacidad.<\/p>\n<p>La reuni\u00f3n fue presidida por el ministro de Salud, Franklin Encalada, como delegado de la funci\u00f3n Ejecutiva junto a Edison Mart\u00ednez, secretario T\u00e9cnico del Consejo Nacional para la Igualdad de Discapacidades CONADIS. Analizaron los datos presentados por el Registro Civil que hace referencia a que el 49% de personas con discapacidad no han actualizado su documento de identidad, lo que implica que para los tr\u00e1mites pertinentes deban presentar dos o m\u00e1s documentos, en lugar de s\u00f3lo la c\u00e9dula, como lo establece la Ley Org\u00e1nica de Discapacidades vigente en el pa\u00eds.<\/p>\n<p>Actualmente, en Ecuador existen 480.776 personas con discapacidad, que corresponde al 2,67 % de la poblaci\u00f3n, seg\u00fan datos del Ministerio de Salud P\u00fablica (MSP). De esta cifra, cerca de la mitad a\u00fan conserva su carn\u00e9 de discapacidad y no ha acudido a las oficinas del Registro Civil para obtener la c\u00e9dula como \u00fanico documento habilitante para identificar su condici\u00f3n de discapacidad.<\/p>\n<p>Para dar cumplimiento a la norma, en el primer semestre del 2022, el MSP elimin\u00f3 la emisi\u00f3n e impresi\u00f3n del carn\u00e9 en las nuevas calificaciones y recalificaciones de discapacidad. En los 122 establecimientos activos acreditados como calificadores de discapacidad, distribuidos a nivel nacional, se entrega un certificado que contiene la informaci\u00f3n de dicha condici\u00f3n, misma que es compartida al Registro Civil para la emisi\u00f3n de las c\u00e9dulas.<\/p>\n<p>Cabe mencionar que los tipos de discapacidad existentes en el Ecuador son:\u00a0auditiva, f\u00edsica, intelectual, de lenguaje, psicosocial y visual;\u00a0cada una de estas puede manifestarse de diferentes maneras, en diferentes grados o una combinaci\u00f3n entre ellas.<\/p>\n","protected":false},"excerpt":{"rendered":"<p>Quito.- Este jueves se desarroll\u00f3 la segunda sesi\u00f3n extraordinaria del pleno del Consejo Nacional para la Igualdad de Discapacidades (Conadis). En la cita se resolvi\u00f3 ampliar la fecha de validez de la especie \u201ccarn\u00e9 de discapacidad\u201d hasta el 31 de diciembre de 2024 para garantizar el respeto a los derechos y las medidas de acci\u00f3n [&hellip;]<\/p>\n","protected":false},"author":2,"featured_media":9207,"comment_status":"open","ping_status":"closed","sticky":false,"template":"","format":"standard","meta":{"_jetpack_memberships_contains_paid_content":false,"footnotes":""},"categories":[13],"tags":[1518],"class_list":["post-9206","post","type-post","status-publish","format-standard","has-post-thumbnail","hentry","category-noticias-nacionales","tag-conadis"],"jetpack_featured_media_url":"https:\/\/radiocresatelital.com\/wp-content\/uploads\/2023\/12\/WhatsApp-Image-2023-12-28-at-09.44.55.jpeg","jetpack_sharing_enabled":true,"_links":{"self":[{"href":"https:\/\/radiocresatelital.com\/index.php?rest_route=\/wp\/v2\/posts\/9206","targetHints":{"allow":["GET"]}}],"collection":[{"href":"https:\/\/radiocresatelital.com\/index.php?rest_route=\/wp\/v2\/posts"}],"about":[{"href":"https:\/\/radiocresatelital.com\/index.php?rest_route=\/wp\/v2\/types\/post"}],"author":[{"embeddable":true,"href":"https:\/\/radiocresatelital.com\/index.php?rest_route=\/wp\/v2\/users\/2"}],"replies":[{"embeddable":true,"href":"https:\/\/radiocresatelital.com\/index.php?rest_route=%2Fwp%2Fv2%2Fcomments&post=9206"}],"version-history":[{"count":1,"href":"https:\/\/radiocresatelital.com\/index.php?rest_route=\/wp\/v2\/posts\/9206\/revisions"}],"predecessor-version":[{"id":9208,"href":"https:\/\/radiocresatelital.com\/index.php?rest_route=\/wp\/v2\/posts\/9206\/revisions\/9208"}],"wp:featuredmedia":[{"embeddable":true,"href":"https:\/\/radiocresatelital.com\/index.php?rest_route=\/wp\/v2\/media\/9207"}],"wp:attachment":[{"href":"https:\/\/radiocresatelital.com\/index.php?rest_route=%2Fwp%2Fv2%2Fmedia&parent=9206"}],"wp:term":[{"taxonomy":"category","embeddable":true,"href":"https:\/\/radiocresatelital.com\/index.php?rest_route=%2Fwp%2Fv2%2Fcategories&post=9206"},{"taxonomy":"post_tag","embeddable":true,"href":"https:\/\/radiocresatelital.com\/index.php?rest_route=%2Fwp%2Fv2%2Ftags&post=9206"}],"curies":[{"name":"wp","href":"https:\/\/api.w.org\/{rel}","templated":true}]}}