{"id":9192,"date":"2023-12-28T19:01:56","date_gmt":"2023-12-28T19:01:56","guid":{"rendered":"https:\/\/radiocresatelital.com\/?p=9192"},"modified":"2023-12-28T19:02:08","modified_gmt":"2023-12-28T19:02:08","slug":"1-333-agricultores-de-balzar-colimes-y-el-empalme-se-benefician-con-entrega-gratuita-de-semillas-de-arroz-y-maiz","status":"publish","type":"post","link":"https:\/\/radiocresatelital.com\/?p=9192","title":{"rendered":"1.333 agricultores de Balzar, Colimes y El Empalme se benefician con entrega gratuita de semillas de arroz y ma\u00edz"},"content":{"rendered":"<p>Guayaquil.- La prefecta Marcela Agui\u00f1aga lider\u00f3 una nueva entrega masiva dentro del programa de semillas certificadas gratuitas de arroz y ma\u00edz, para peque\u00f1os productores de la provincia.<\/p>\n<p>Hasta el estadio Julio Cabrera, de Balzar, llegaron 1.333 agricultores. De ellos, 221 eran productores de arroz y 1.112 de ma\u00edz, agrupados en 67 asociaciones agr\u00edcolas de Balzar, Colimes y El Empalme.<\/p>\n<p>Durante el acto, la prefecta Agui\u00f1aga dijo que, con una inversi\u00f3n de USD 800.000, se est\u00e1 llegando con semillas a peque\u00f1os agricultores asociados e independientes en la provincia.<\/p>\n<p>Tambi\u00e9n anunci\u00f3 que, en los pr\u00f3ximos tres meses, inaugurar\u00e1 el primer piloto del Centro de Mecanizaci\u00f3n que ofrecer\u00e1 servicios de nivelaci\u00f3n de suelos, secado y, posteriormente, almacenamiento. \u201cEsta es la plata mejor invertida en manos de los guayasenses\u201d.<\/p>\n<p>No es la \u00fanica obra en ejecuci\u00f3n. La ejecutiva provincial enumer\u00f3 algunas de las obras que la Prefectura Ciudadana del Guayas ejecuta en Balzar, como el reforzamiento del puente sobre el r\u00edo Daule por un valor cercano a los USD 3 millones; los estudios para el nuevo puente de Balzar, cuya construcci\u00f3n costar\u00e1 unos USD 13 millones por lo que se busca financiamiento.<\/p>\n<p>Adem\u00e1s, anunci\u00f3 que se realizan las acciones jur\u00eddicas que dispone la ley para sancionar por incumplimiento al contratista que dej\u00f3 abandonada la rehabilitaci\u00f3n de la v\u00eda Balzar-Los Palitos.<\/p>\n<p>Durante el acto masivo de entrega de semillas, Lisbeth Alc\u00edvar y Orlando Oreste, en representaci\u00f3n de los agricultores, expresaron su agradecimiento a la prefecta Agui\u00f1aga.<\/p>\n<p>Tambi\u00e9n intervino el alcalde de Balzar, Galo Meza.<\/p>\n<p>A trav\u00e9s de la Direcci\u00f3n de Desarrollo Productivo, con este programa se beneficia a peque\u00f1os productores de hasta 5 hect\u00e1reas. Las semillas de arroz y ma\u00edz garantizar\u00e1n a los agricultores un mayor rendimiento y calidad, tanto en la producci\u00f3n como en la comercializaci\u00f3n.<\/p>\n","protected":false},"excerpt":{"rendered":"<p>Guayaquil.- La prefecta Marcela Agui\u00f1aga lider\u00f3 una nueva entrega masiva dentro del programa de semillas certificadas gratuitas de arroz y ma\u00edz, para peque\u00f1os productores de la provincia. Hasta el estadio Julio Cabrera, de Balzar, llegaron 1.333 agricultores. De ellos, 221 eran productores de arroz y 1.112 de ma\u00edz, agrupados en 67 asociaciones agr\u00edcolas de Balzar, [&hellip;]<\/p>\n","protected":false},"author":2,"featured_media":9193,"comment_status":"open","ping_status":"closed","sticky":false,"template":"","format":"standard","meta":{"_jetpack_memberships_contains_paid_content":false,"footnotes":""},"categories":[13],"tags":[415],"class_list":["post-9192","post","type-post","status-publish","format-standard","has-post-thumbnail","hentry","category-noticias-nacionales","tag-prefectura-ciudadana-del-guayas"],"jetpack_featured_media_url":"https:\/\/radiocresatelital.com\/wp-content\/uploads\/2023\/12\/WhatsApp-Image-2023-12-28-at-11.37.54-1-scaled.jpeg","jetpack_sharing_enabled":true,"_links":{"self":[{"href":"https:\/\/radiocresatelital.com\/index.php?rest_route=\/wp\/v2\/posts\/9192","targetHints":{"allow":["GET"]}}],"collection":[{"href":"https:\/\/radiocresatelital.com\/index.php?rest_route=\/wp\/v2\/posts"}],"about":[{"href":"https:\/\/radiocresatelital.com\/index.php?rest_route=\/wp\/v2\/types\/post"}],"author":[{"embeddable":true,"href":"https:\/\/radiocresatelital.com\/index.php?rest_route=\/wp\/v2\/users\/2"}],"replies":[{"embeddable":true,"href":"https:\/\/radiocresatelital.com\/index.php?rest_route=%2Fwp%2Fv2%2Fcomments&post=9192"}],"version-history":[{"count":1,"href":"https:\/\/radiocresatelital.com\/index.php?rest_route=\/wp\/v2\/posts\/9192\/revisions"}],"predecessor-version":[{"id":9194,"href":"https:\/\/radiocresatelital.com\/index.php?rest_route=\/wp\/v2\/posts\/9192\/revisions\/9194"}],"wp:featuredmedia":[{"embeddable":true,"href":"https:\/\/radiocresatelital.com\/index.php?rest_route=\/wp\/v2\/media\/9193"}],"wp:attachment":[{"href":"https:\/\/radiocresatelital.com\/index.php?rest_route=%2Fwp%2Fv2%2Fmedia&parent=9192"}],"wp:term":[{"taxonomy":"category","embeddable":true,"href":"https:\/\/radiocresatelital.com\/index.php?rest_route=%2Fwp%2Fv2%2Fcategories&post=9192"},{"taxonomy":"post_tag","embeddable":true,"href":"https:\/\/radiocresatelital.com\/index.php?rest_route=%2Fwp%2Fv2%2Ftags&post=9192"}],"curies":[{"name":"wp","href":"https:\/\/api.w.org\/{rel}","templated":true}]}}