{"id":9185,"date":"2023-12-28T18:46:51","date_gmt":"2023-12-28T18:46:51","guid":{"rendered":"https:\/\/radiocresatelital.com\/?p=9185"},"modified":"2023-12-28T20:56:38","modified_gmt":"2023-12-28T20:56:38","slug":"municipio-de-guayaquil-indica-los-procedimientos-luego-de-los-hechos-ocurridos-en-la-bahia","status":"publish","type":"post","link":"https:\/\/radiocresatelital.com\/?p=9185","title":{"rendered":"Municipio de Guayaquil indica los procedimientos luego de los hechos ocurridos fuera del Mercado Central"},"content":{"rendered":"<p>Guayaquil.- Luego de los acontecimientos ocurridos en las afueras del Mercado Central, los personeros municipales han enviado un comunicado donde indicaron los siguiente:<\/p>\n<p style=\"text-align: center;\"><strong>COMUNICADO<br \/>\n<\/strong><br \/>\nEn el marco de nuestra labor conjunta, informamos que, hoy, durante un procedimiento policial, respaldamos operativamente en el incidente generado en Lorenzo de Garaicoa y 6 de marzo fuera del Mercado Central, donde la polic\u00eda detuvo a dos presuntos delincuentes.<\/p>\n<p style=\"text-align: center;\">En este contexto, agentes municipales desempe\u00f1aron un papel crucial al acordonar el \u00e1rea, garantizando la seguridad y permitiendo que la polic\u00eda llevara a cabo su labor de manera efectiva.<\/p>\n<p style=\"text-align: center;\">Adicionalmente, queremos destacar el respaldo continuo mediante nuestro sistema de videovigilancia, donde nuestras c\u00e1maras monitorearon activamente la zona para fortalecer la seguridad.<\/p>\n<p style=\"text-align: center;\">Asimismo, colaboramos en la coordinaci\u00f3n del despacho de una ambulancia que atendi\u00f3 en el lugar a la persona que result\u00f3 herida; y tambi\u00e9n en la gesti\u00f3n del tr\u00e1nsito.<\/p>\n<p style=\"text-align: center;\">Hemos utilizado el contingente municipal para garantizar una atenci\u00f3n integral de la situaci\u00f3n.<\/p>\n<p style=\"text-align: center;\">Como Segura EP tenemos un compromiso firme en abordar los desaf\u00edos de seguridad de manera efectiva y coordinada.<\/p>\n","protected":false},"excerpt":{"rendered":"<p>Guayaquil.- Luego de los acontecimientos ocurridos en las afueras del Mercado Central, los personeros municipales han enviado un comunicado donde indicaron los siguiente: COMUNICADO En el marco de nuestra labor conjunta, informamos que, hoy, durante un procedimiento policial, respaldamos operativamente en el incidente generado en Lorenzo de Garaicoa y 6 de marzo fuera del Mercado [&hellip;]<\/p>\n","protected":false},"author":2,"featured_media":9186,"comment_status":"open","ping_status":"closed","sticky":false,"template":"","format":"standard","meta":{"_jetpack_memberships_contains_paid_content":false,"footnotes":""},"categories":[33,13],"tags":[114],"class_list":["post-9185","post","type-post","status-publish","format-standard","has-post-thumbnail","hentry","category-guayaquil","category-noticias-nacionales","tag-municipio-de-guayaquil"],"jetpack_featured_media_url":"https:\/\/radiocresatelital.com\/wp-content\/uploads\/2023\/12\/61abcb750e01a.jpeg","jetpack_sharing_enabled":true,"_links":{"self":[{"href":"https:\/\/radiocresatelital.com\/index.php?rest_route=\/wp\/v2\/posts\/9185","targetHints":{"allow":["GET"]}}],"collection":[{"href":"https:\/\/radiocresatelital.com\/index.php?rest_route=\/wp\/v2\/posts"}],"about":[{"href":"https:\/\/radiocresatelital.com\/index.php?rest_route=\/wp\/v2\/types\/post"}],"author":[{"embeddable":true,"href":"https:\/\/radiocresatelital.com\/index.php?rest_route=\/wp\/v2\/users\/2"}],"replies":[{"embeddable":true,"href":"https:\/\/radiocresatelital.com\/index.php?rest_route=%2Fwp%2Fv2%2Fcomments&post=9185"}],"version-history":[{"count":3,"href":"https:\/\/radiocresatelital.com\/index.php?rest_route=\/wp\/v2\/posts\/9185\/revisions"}],"predecessor-version":[{"id":9221,"href":"https:\/\/radiocresatelital.com\/index.php?rest_route=\/wp\/v2\/posts\/9185\/revisions\/9221"}],"wp:featuredmedia":[{"embeddable":true,"href":"https:\/\/radiocresatelital.com\/index.php?rest_route=\/wp\/v2\/media\/9186"}],"wp:attachment":[{"href":"https:\/\/radiocresatelital.com\/index.php?rest_route=%2Fwp%2Fv2%2Fmedia&parent=9185"}],"wp:term":[{"taxonomy":"category","embeddable":true,"href":"https:\/\/radiocresatelital.com\/index.php?rest_route=%2Fwp%2Fv2%2Fcategories&post=9185"},{"taxonomy":"post_tag","embeddable":true,"href":"https:\/\/radiocresatelital.com\/index.php?rest_route=%2Fwp%2Fv2%2Ftags&post=9185"}],"curies":[{"name":"wp","href":"https:\/\/api.w.org\/{rel}","templated":true}]}}