{"id":9180,"date":"2023-12-28T16:49:48","date_gmt":"2023-12-28T16:49:48","guid":{"rendered":"https:\/\/radiocresatelital.com\/?p=9180"},"modified":"2023-12-28T19:14:02","modified_gmt":"2023-12-28T19:14:02","slug":"jorge-glas-se-juega-su-prelibertad-hoy","status":"publish","type":"post","link":"https:\/\/radiocresatelital.com\/?p=9180","title":{"rendered":"Jorge Glas se juega su prelibertad hoy"},"content":{"rendered":"<p><span class=\"css-1qaijid r-bcqeeo r-qvutc0 r-poiln3\">Quito.- Ante el pedido de revocatoria de la medida cautelar a Jorge Glas, la jueza de garant\u00edas penitenciarias, Melissa Mu\u00f1oz, suspendi\u00f3 para hoy a las 15h00 la audiencia de prelibertad para Jorge Glas Espinel, para lo cual requiere un informe de seguridad del SNAI sobre la c\u00e1rcel 4, ya que la defensa de Glas<\/span><span class=\"css-1qaijid r-bcqeeo r-qvutc0 r-poiln3\"> justificaba el incumplimiento de los requisitos de prelibertad, como es presentarse ante las autoridades una vez a la semana, con una supuesta situaci\u00f3n de inseguridad.<\/span><\/p>\n<p>El ex vicepresidente tuvo una muy baja puntuaci\u00f3n en las actividades que deb\u00eda realizar en prisi\u00f3n, apenas 2,83\/10. Se eval\u00faan 4 par\u00e1metros: educaci\u00f3n, sicolog\u00eda, cultura y deporte, obteniendo cero en las dos \u00faltimas mencionadas. Sin embargo \u00e9l alega que no se tomaron en cuenta 2 t\u00edtulos universitarios que obtuvo en prisi\u00f3n y el alto nivel del riesgo por el cual no hac\u00eda actividad f\u00edsica, al igual que su delicada situaci\u00f3n de salud.<\/p>\n<p>&nbsp;<\/p>\n","protected":false},"excerpt":{"rendered":"<p>Quito.- Ante el pedido de revocatoria de la medida cautelar a Jorge Glas, la jueza de garant\u00edas penitenciarias, Melissa Mu\u00f1oz, suspendi\u00f3 para hoy a las 15h00 la audiencia de prelibertad para Jorge Glas Espinel, para lo cual requiere un informe de seguridad del SNAI sobre la c\u00e1rcel 4, ya que la defensa de Glas justificaba [&hellip;]<\/p>\n","protected":false},"author":3,"featured_media":9195,"comment_status":"open","ping_status":"closed","sticky":false,"template":"","format":"standard","meta":{"_jetpack_memberships_contains_paid_content":false,"footnotes":""},"categories":[13],"tags":[725],"class_list":["post-9180","post","type-post","status-publish","format-standard","has-post-thumbnail","hentry","category-noticias-nacionales","tag-jorge-glas"],"jetpack_featured_media_url":"https:\/\/radiocresatelital.com\/wp-content\/uploads\/2023\/12\/Jorge-glas-150517.jpg","jetpack_sharing_enabled":true,"_links":{"self":[{"href":"https:\/\/radiocresatelital.com\/index.php?rest_route=\/wp\/v2\/posts\/9180","targetHints":{"allow":["GET"]}}],"collection":[{"href":"https:\/\/radiocresatelital.com\/index.php?rest_route=\/wp\/v2\/posts"}],"about":[{"href":"https:\/\/radiocresatelital.com\/index.php?rest_route=\/wp\/v2\/types\/post"}],"author":[{"embeddable":true,"href":"https:\/\/radiocresatelital.com\/index.php?rest_route=\/wp\/v2\/users\/3"}],"replies":[{"embeddable":true,"href":"https:\/\/radiocresatelital.com\/index.php?rest_route=%2Fwp%2Fv2%2Fcomments&post=9180"}],"version-history":[{"count":3,"href":"https:\/\/radiocresatelital.com\/index.php?rest_route=\/wp\/v2\/posts\/9180\/revisions"}],"predecessor-version":[{"id":9196,"href":"https:\/\/radiocresatelital.com\/index.php?rest_route=\/wp\/v2\/posts\/9180\/revisions\/9196"}],"wp:featuredmedia":[{"embeddable":true,"href":"https:\/\/radiocresatelital.com\/index.php?rest_route=\/wp\/v2\/media\/9195"}],"wp:attachment":[{"href":"https:\/\/radiocresatelital.com\/index.php?rest_route=%2Fwp%2Fv2%2Fmedia&parent=9180"}],"wp:term":[{"taxonomy":"category","embeddable":true,"href":"https:\/\/radiocresatelital.com\/index.php?rest_route=%2Fwp%2Fv2%2Fcategories&post=9180"},{"taxonomy":"post_tag","embeddable":true,"href":"https:\/\/radiocresatelital.com\/index.php?rest_route=%2Fwp%2Fv2%2Ftags&post=9180"}],"curies":[{"name":"wp","href":"https:\/\/api.w.org\/{rel}","templated":true}]}}