{"id":9175,"date":"2023-12-28T15:47:41","date_gmt":"2023-12-28T15:47:41","guid":{"rendered":"https:\/\/radiocresatelital.com\/?p=9175"},"modified":"2023-12-28T18:12:06","modified_gmt":"2023-12-28T18:12:06","slug":"prorroga-a-6-jueces-de-la-corte-nacional-de-justicia-podria-revocarse","status":"publish","type":"post","link":"https:\/\/radiocresatelital.com\/?p=9175","title":{"rendered":"Pr\u00f3rroga a 6 jueces de la Corte Nacional de Justicia podr\u00eda revocarse"},"content":{"rendered":"<p>Quito.- El Colegio de Abogados de Pichincha, anunci\u00f3 que solicitar\u00e1n al presidente encargado del Consejo de la Judicatura, \u00c1lvaro Rom\u00e1n, que\u00a0 revoque la resoluci\u00f3n mediante la cual se le extendi\u00f3 el periodo a 6 jueces de la Corte Nacional de Justicia hasta el 2030, ya que dicha acci\u00f3n se logr\u00f3 con solo 2 cuestionados votos (Wilman Ter\u00e1n y Xavier Mu\u00f1oz).<\/p>\n<p>Los magistrados que se beneficiaron de la resoluci\u00f3n fueron\u00a0<strong>Rosana Morales<\/strong>,\u00a0de la Sala de lo Contencioso Tributario;\u00a0<strong>Fabi\u00e1n Racines<\/strong>, de lo Contencioso Administrativo;\u00a0<strong>y\u00a0Felipe C\u00f3rdova,<\/strong>\u00a0<strong>Byron Guillen, Walter Mac\u00edas y Luis Rivera<\/strong>,\u00a0de la Sala Penal de la CNJ.<\/p>\n<p>Seg\u00fan el gremio de los abogados, el alargamiento de esos periodos fue ilegal e irregular.<\/p>\n","protected":false},"excerpt":{"rendered":"<p>Quito.- El Colegio de Abogados de Pichincha, anunci\u00f3 que solicitar\u00e1n al presidente encargado del Consejo de la Judicatura, \u00c1lvaro Rom\u00e1n, que\u00a0 revoque la resoluci\u00f3n mediante la cual se le extendi\u00f3 el periodo a 6 jueces de la Corte Nacional de Justicia hasta el 2030, ya que dicha acci\u00f3n se logr\u00f3 con solo 2 cuestionados votos [&hellip;]<\/p>\n","protected":false},"author":3,"featured_media":9183,"comment_status":"open","ping_status":"closed","sticky":false,"template":"","format":"standard","meta":{"_jetpack_memberships_contains_paid_content":false,"footnotes":""},"categories":[13],"tags":[1582],"class_list":["post-9175","post","type-post","status-publish","format-standard","has-post-thumbnail","hentry","category-noticias-nacionales","tag-jueces"],"jetpack_featured_media_url":"https:\/\/radiocresatelital.com\/wp-content\/uploads\/2023\/12\/judge-hammer-in-the-court-room-wooden-gavel-as-a-symbol-of-justice-generated-ai-photo.jpg","jetpack_sharing_enabled":true,"_links":{"self":[{"href":"https:\/\/radiocresatelital.com\/index.php?rest_route=\/wp\/v2\/posts\/9175","targetHints":{"allow":["GET"]}}],"collection":[{"href":"https:\/\/radiocresatelital.com\/index.php?rest_route=\/wp\/v2\/posts"}],"about":[{"href":"https:\/\/radiocresatelital.com\/index.php?rest_route=\/wp\/v2\/types\/post"}],"author":[{"embeddable":true,"href":"https:\/\/radiocresatelital.com\/index.php?rest_route=\/wp\/v2\/users\/3"}],"replies":[{"embeddable":true,"href":"https:\/\/radiocresatelital.com\/index.php?rest_route=%2Fwp%2Fv2%2Fcomments&post=9175"}],"version-history":[{"count":1,"href":"https:\/\/radiocresatelital.com\/index.php?rest_route=\/wp\/v2\/posts\/9175\/revisions"}],"predecessor-version":[{"id":9176,"href":"https:\/\/radiocresatelital.com\/index.php?rest_route=\/wp\/v2\/posts\/9175\/revisions\/9176"}],"wp:featuredmedia":[{"embeddable":true,"href":"https:\/\/radiocresatelital.com\/index.php?rest_route=\/wp\/v2\/media\/9183"}],"wp:attachment":[{"href":"https:\/\/radiocresatelital.com\/index.php?rest_route=%2Fwp%2Fv2%2Fmedia&parent=9175"}],"wp:term":[{"taxonomy":"category","embeddable":true,"href":"https:\/\/radiocresatelital.com\/index.php?rest_route=%2Fwp%2Fv2%2Fcategories&post=9175"},{"taxonomy":"post_tag","embeddable":true,"href":"https:\/\/radiocresatelital.com\/index.php?rest_route=%2Fwp%2Fv2%2Ftags&post=9175"}],"curies":[{"name":"wp","href":"https:\/\/api.w.org\/{rel}","templated":true}]}}