{"id":9163,"date":"2023-12-27T23:11:56","date_gmt":"2023-12-27T23:11:56","guid":{"rendered":"https:\/\/radiocresatelital.com\/?p=9163"},"modified":"2023-12-27T23:11:56","modified_gmt":"2023-12-27T23:11:56","slug":"felix-romero-ordonez-asume-la-zonal-7-loja-del-ministerio-del-ambiente-agua-y-transicion-ecologica","status":"publish","type":"post","link":"https:\/\/radiocresatelital.com\/?p=9163","title":{"rendered":"F\u00e9lix Romero Ord\u00f3\u00f1ez asume la zonal 7 Loja del Ministerio del Ambiente, Agua y Transici\u00f3n Ecol\u00f3gica"},"content":{"rendered":"<p>Loja.- La Direcci\u00f3n Zonal 7 (Loja \u2013 El Oro) de esta cartera de Estado est\u00e1 dirigida por F\u00e9lix Dar\u00edo Romero Ord\u00f3\u00f1ez, abogado de profesi\u00f3n de la Universidad T\u00e9cnica de Machala. Actualmente cursa una Maestr\u00eda en Derecho Constitucional.<\/p>\n<p>Su experiencia laboral la ha desarrollado en instituciones p\u00fablicas y privadas, como Comisario Nacional de Polic\u00eda de la parroquia Puerto Bol\u00edvar y del cant\u00f3n Machala; Intendente General de Polic\u00eda por dos ocasiones. Adem\u00e1s se ha desempe\u00f1ado como asesor legal de varias empresas a nivel nacional.<\/p>\n<p>El titular de esta direcci\u00f3n zonal, continuar\u00e1 la transici\u00f3n ecol\u00f3gica liderada por la ministra Sade Fritschi Naranjo, a lo que mencion\u00f3 \u201cenfrentamos desaf\u00edos ambientales en miner\u00eda y agricultura. Nos comprometemos a gestionar esto de manera sostenible, siguiendo el plan de gobierno nacional. Nos comprometemos a trabajar en estrecha colaboraci\u00f3n con las partes interesadas: comunidades locales, industria, empresas, ONG,s, gobiernos cantonales y parroquiales de las provincias de Loja y El Oro para desarrollar juntos soluciones integrales y equitativas. Nuestra visi\u00f3n es crear un entorno sostenible que garantice la prosperidad a largo plazo\u201d, dijo.<\/p>\n","protected":false},"excerpt":{"rendered":"<p>Loja.- La Direcci\u00f3n Zonal 7 (Loja \u2013 El Oro) de esta cartera de Estado est\u00e1 dirigida por F\u00e9lix Dar\u00edo Romero Ord\u00f3\u00f1ez, abogado de profesi\u00f3n de la Universidad T\u00e9cnica de Machala. Actualmente cursa una Maestr\u00eda en Derecho Constitucional. Su experiencia laboral la ha desarrollado en instituciones p\u00fablicas y privadas, como Comisario Nacional de Polic\u00eda de la [&hellip;]<\/p>\n","protected":false},"author":2,"featured_media":9164,"comment_status":"open","ping_status":"closed","sticky":false,"template":"","format":"standard","meta":{"_jetpack_memberships_contains_paid_content":false,"footnotes":""},"categories":[13],"tags":[1580],"class_list":["post-9163","post","type-post","status-publish","format-standard","has-post-thumbnail","hentry","category-noticias-nacionales","tag-felix-romero-ordonez"],"jetpack_featured_media_url":"https:\/\/radiocresatelital.com\/wp-content\/uploads\/2023\/12\/9a8b57ec-6287-497e-b4a7-4be88f4f44d1.jpg","jetpack_sharing_enabled":true,"_links":{"self":[{"href":"https:\/\/radiocresatelital.com\/index.php?rest_route=\/wp\/v2\/posts\/9163","targetHints":{"allow":["GET"]}}],"collection":[{"href":"https:\/\/radiocresatelital.com\/index.php?rest_route=\/wp\/v2\/posts"}],"about":[{"href":"https:\/\/radiocresatelital.com\/index.php?rest_route=\/wp\/v2\/types\/post"}],"author":[{"embeddable":true,"href":"https:\/\/radiocresatelital.com\/index.php?rest_route=\/wp\/v2\/users\/2"}],"replies":[{"embeddable":true,"href":"https:\/\/radiocresatelital.com\/index.php?rest_route=%2Fwp%2Fv2%2Fcomments&post=9163"}],"version-history":[{"count":1,"href":"https:\/\/radiocresatelital.com\/index.php?rest_route=\/wp\/v2\/posts\/9163\/revisions"}],"predecessor-version":[{"id":9165,"href":"https:\/\/radiocresatelital.com\/index.php?rest_route=\/wp\/v2\/posts\/9163\/revisions\/9165"}],"wp:featuredmedia":[{"embeddable":true,"href":"https:\/\/radiocresatelital.com\/index.php?rest_route=\/wp\/v2\/media\/9164"}],"wp:attachment":[{"href":"https:\/\/radiocresatelital.com\/index.php?rest_route=%2Fwp%2Fv2%2Fmedia&parent=9163"}],"wp:term":[{"taxonomy":"category","embeddable":true,"href":"https:\/\/radiocresatelital.com\/index.php?rest_route=%2Fwp%2Fv2%2Fcategories&post=9163"},{"taxonomy":"post_tag","embeddable":true,"href":"https:\/\/radiocresatelital.com\/index.php?rest_route=%2Fwp%2Fv2%2Ftags&post=9163"}],"curies":[{"name":"wp","href":"https:\/\/api.w.org\/{rel}","templated":true}]}}