{"id":9154,"date":"2023-12-27T22:01:37","date_gmt":"2023-12-27T22:01:37","guid":{"rendered":"https:\/\/radiocresatelital.com\/?p=9154"},"modified":"2023-12-27T22:01:37","modified_gmt":"2023-12-27T22:01:37","slug":"gobernacion-del-guayas-lidera-esfuerzos-para-fortalecer-a-la-salud-en-la-provincia","status":"publish","type":"post","link":"https:\/\/radiocresatelital.com\/?p=9154","title":{"rendered":"Gobernaci\u00f3n del Guayas lidera esfuerzos para fortalecer a la salud en la Provincia"},"content":{"rendered":"<p>Guayaquil.- En una importante reuni\u00f3n de trabajo encabezada por el gobernador del Guayas, Alberto Molina Flores, los coordinadores zonales 5 y 8 de salud y del IESS resaltaron los logros significativos en la gesti\u00f3n de medicamentos, alcanzando un 66% de abastecimiento en hospitales y centros de salud de las zonas La Coordinaci\u00f3n Zonal 5 present\u00f3 un s\u00f3lido plan de contingencia ante los posibles estragos del fen\u00f3meno del Ni\u00f1o, focalizando esfuerzos en las 37 zonas de mayor riesgo de inundaciones.<\/p>\n<p>Se destac\u00f3 la preparaci\u00f3n de sitios de albergue, como escuelas, iglesias y coliseos, para brindar refugio a los damnificados. Adem\u00e1s, se asegur\u00f3 el abastecimiento de medicamentos esenciales para hacer frente a enfermedades como el dengue y chicunguya durante la temporada invernal.<\/p>\n<p>El representante del Ejecutivo subray\u00f3 que\u201d la salud es un compromiso colectivo y todos debemos arrimar el hombro\u201d.<\/p>\n<p>En la Zona 8, la Coordinaci\u00f3n Zonal anunci\u00f3 la disponibilidad del 100% de la capacidad en 9 hospitales, as\u00ed como en los centros de salud, evidenciando una preparaci\u00f3n integral para atender a los usuarios.<\/p>\n<p>En cuanto al tema de las citas m\u00e9dicas, se inform\u00f3 sobre cambios positivos que se implementar\u00e1n en el 2024, buscando optimizar y agilizar este proceso fundamental para el acceso a la atenci\u00f3n m\u00e9dica en la regi\u00f3n.<\/p>\n<p>El delegado del IESS, inform\u00f3 de la dotaci\u00f3n de nuevas ambulancias para el 2024, que facilitar\u00e1 la atenci\u00f3n d ellos afiliados.<\/p>\n<p>La mesa de trabajo liderada por el Gobernador Molina Flores destaca los avances tangibles en el sistema de salud de Las Guayas, evidenciando la efectividad de las pol\u00edticas gubernamentales del presidente Daniel Noboa Az\u00edn en la provisi\u00f3n de medicamentos y la preparaci\u00f3n ante eventos clim\u00e1ticos adversos<\/p>\n","protected":false},"excerpt":{"rendered":"<p>Guayaquil.- En una importante reuni\u00f3n de trabajo encabezada por el gobernador del Guayas, Alberto Molina Flores, los coordinadores zonales 5 y 8 de salud y del IESS resaltaron los logros significativos en la gesti\u00f3n de medicamentos, alcanzando un 66% de abastecimiento en hospitales y centros de salud de las zonas La Coordinaci\u00f3n Zonal 5 present\u00f3 [&hellip;]<\/p>\n","protected":false},"author":2,"featured_media":9155,"comment_status":"open","ping_status":"closed","sticky":false,"template":"","format":"standard","meta":{"_jetpack_memberships_contains_paid_content":false,"footnotes":""},"categories":[13],"tags":[1355,964],"class_list":["post-9154","post","type-post","status-publish","format-standard","has-post-thumbnail","hentry","category-noticias-nacionales","tag-alberto-molina-flores","tag-gobernacion-del-guayas"],"jetpack_featured_media_url":"https:\/\/radiocresatelital.com\/wp-content\/uploads\/2023\/12\/947b7167-4cf9-4d79-869f-e58b91ef3822.jpeg","jetpack_sharing_enabled":true,"_links":{"self":[{"href":"https:\/\/radiocresatelital.com\/index.php?rest_route=\/wp\/v2\/posts\/9154","targetHints":{"allow":["GET"]}}],"collection":[{"href":"https:\/\/radiocresatelital.com\/index.php?rest_route=\/wp\/v2\/posts"}],"about":[{"href":"https:\/\/radiocresatelital.com\/index.php?rest_route=\/wp\/v2\/types\/post"}],"author":[{"embeddable":true,"href":"https:\/\/radiocresatelital.com\/index.php?rest_route=\/wp\/v2\/users\/2"}],"replies":[{"embeddable":true,"href":"https:\/\/radiocresatelital.com\/index.php?rest_route=%2Fwp%2Fv2%2Fcomments&post=9154"}],"version-history":[{"count":1,"href":"https:\/\/radiocresatelital.com\/index.php?rest_route=\/wp\/v2\/posts\/9154\/revisions"}],"predecessor-version":[{"id":9156,"href":"https:\/\/radiocresatelital.com\/index.php?rest_route=\/wp\/v2\/posts\/9154\/revisions\/9156"}],"wp:featuredmedia":[{"embeddable":true,"href":"https:\/\/radiocresatelital.com\/index.php?rest_route=\/wp\/v2\/media\/9155"}],"wp:attachment":[{"href":"https:\/\/radiocresatelital.com\/index.php?rest_route=%2Fwp%2Fv2%2Fmedia&parent=9154"}],"wp:term":[{"taxonomy":"category","embeddable":true,"href":"https:\/\/radiocresatelital.com\/index.php?rest_route=%2Fwp%2Fv2%2Fcategories&post=9154"},{"taxonomy":"post_tag","embeddable":true,"href":"https:\/\/radiocresatelital.com\/index.php?rest_route=%2Fwp%2Fv2%2Ftags&post=9154"}],"curies":[{"name":"wp","href":"https:\/\/api.w.org\/{rel}","templated":true}]}}