{"id":9148,"date":"2023-12-27T16:37:24","date_gmt":"2023-12-27T16:37:24","guid":{"rendered":"https:\/\/radiocresatelital.com\/?p=9148"},"modified":"2023-12-27T20:12:50","modified_gmt":"2023-12-27T20:12:50","slug":"filosofia-oficial-los-militares-no-tienen-que-estar-en-los-cuarteles-sino-en-las-calles","status":"publish","type":"post","link":"https:\/\/radiocresatelital.com\/?p=9148","title":{"rendered":"Filosof\u00eda Oficial: Los militares no tienen que estar en los cuarteles sino en las calles"},"content":{"rendered":"<p>Quito.- \u201cEstamos articulando acciones y ya se han ejecutado algunas en todos los puntos denominados como <strong>\u2018zonas calientes\u2019<\/strong>\u201d, dijo la Ministra de Gobierno y del Interior, M\u00f3nica Palencia, explicando que este bloque de seguridad, que es una vinculaci\u00f3n entre la Presidencia de la Rep\u00fablica, las Fuerzas Armadas y la Polic\u00eda Nacional es parte fundamental del Plan F\u00e9nix.<\/p>\n<p>Como parte de este plan de seguridad, Palencia, asegur\u00f3 que el Presidente de la Rep\u00fablica <strong>no quiere un militar en ning\u00fan cuartel.<\/strong> \u201cQuiero que salgamos a las calles\u201d, que se realicen operativos en las zonas m\u00e1s calientes y agreg\u00f3 que los resultados no se ver\u00e1n de la noche a la ma\u00f1ana, pero\u00a0 que ya hay algunos resultados plausibles.<\/p>\n<p>\u201cSon 18 zonas que tenemos que trabajar, entre ellas Los R\u00edos, Guayas, Manab\u00ed y Esmeraldas. Principalmente las Fuerzas Armadas entran a revisar la tenencia y porte de armas\u201d, explic\u00f3 la ministra en entrevista con Teleamazonas.<\/p>\n","protected":false},"excerpt":{"rendered":"<p>Quito.- \u201cEstamos articulando acciones y ya se han ejecutado algunas en todos los puntos denominados como \u2018zonas calientes\u2019\u201d, dijo la Ministra de Gobierno y del Interior, M\u00f3nica Palencia, explicando que este bloque de seguridad, que es una vinculaci\u00f3n entre la Presidencia de la Rep\u00fablica, las Fuerzas Armadas y la Polic\u00eda Nacional es parte fundamental del [&hellip;]<\/p>\n","protected":false},"author":3,"featured_media":9149,"comment_status":"open","ping_status":"closed","sticky":false,"template":"","format":"standard","meta":{"_jetpack_memberships_contains_paid_content":false,"footnotes":""},"categories":[13],"tags":[1403,1337],"class_list":["post-9148","post","type-post","status-publish","format-standard","has-post-thumbnail","hentry","category-noticias-nacionales","tag-ministra-de-gobierno-y-del-interior","tag-monica-palencia"],"jetpack_featured_media_url":"https:\/\/radiocresatelital.com\/wp-content\/uploads\/2023\/12\/monica-palencia.jpg","jetpack_sharing_enabled":true,"_links":{"self":[{"href":"https:\/\/radiocresatelital.com\/index.php?rest_route=\/wp\/v2\/posts\/9148","targetHints":{"allow":["GET"]}}],"collection":[{"href":"https:\/\/radiocresatelital.com\/index.php?rest_route=\/wp\/v2\/posts"}],"about":[{"href":"https:\/\/radiocresatelital.com\/index.php?rest_route=\/wp\/v2\/types\/post"}],"author":[{"embeddable":true,"href":"https:\/\/radiocresatelital.com\/index.php?rest_route=\/wp\/v2\/users\/3"}],"replies":[{"embeddable":true,"href":"https:\/\/radiocresatelital.com\/index.php?rest_route=%2Fwp%2Fv2%2Fcomments&post=9148"}],"version-history":[{"count":3,"href":"https:\/\/radiocresatelital.com\/index.php?rest_route=\/wp\/v2\/posts\/9148\/revisions"}],"predecessor-version":[{"id":9153,"href":"https:\/\/radiocresatelital.com\/index.php?rest_route=\/wp\/v2\/posts\/9148\/revisions\/9153"}],"wp:featuredmedia":[{"embeddable":true,"href":"https:\/\/radiocresatelital.com\/index.php?rest_route=\/wp\/v2\/media\/9149"}],"wp:attachment":[{"href":"https:\/\/radiocresatelital.com\/index.php?rest_route=%2Fwp%2Fv2%2Fmedia&parent=9148"}],"wp:term":[{"taxonomy":"category","embeddable":true,"href":"https:\/\/radiocresatelital.com\/index.php?rest_route=%2Fwp%2Fv2%2Fcategories&post=9148"},{"taxonomy":"post_tag","embeddable":true,"href":"https:\/\/radiocresatelital.com\/index.php?rest_route=%2Fwp%2Fv2%2Ftags&post=9148"}],"curies":[{"name":"wp","href":"https:\/\/api.w.org\/{rel}","templated":true}]}}