{"id":9142,"date":"2023-12-27T15:28:21","date_gmt":"2023-12-27T15:28:21","guid":{"rendered":"https:\/\/radiocresatelital.com\/?p=9142"},"modified":"2023-12-27T20:11:30","modified_gmt":"2023-12-27T20:11:30","slug":"gobierno-canjeara-deuda-de-gads-con-pagos-pendientes-al-bede-solucion-que-no-convence-a-los-trabajadores-municipales","status":"publish","type":"post","link":"https:\/\/radiocresatelital.com\/?p=9142","title":{"rendered":"Gobierno canjear\u00e1 deuda de GADS con pagos pendientes al BEDE, soluci\u00f3n que no convence a los trabajadores municipales"},"content":{"rendered":"<p>Quito.- El ministro de finanzas, Juan Carlos Vega, explic\u00f3 algunos de los acuerdos que se analizaron para poner al d\u00eda los pagos a los gobiernos seccionales. \u00abVamos a cruzar gran parte de la deuda que dej\u00f3 el gobierno anterior con los Gobiernos Aut\u00f3nomos Descentralizados, con lo que los Gads le deben al BEDE, ver alternativas de bienes del estado en INMOBILIAR y hacer los esfuerzos de cancelar en efectivo las deudas de octubre y noviembre del 2023\u00bb.<\/p>\n<p>\u00abA los GADS m\u00e1s peque\u00f1os se les pagar\u00e1 en efectivo y al resto se ver\u00e1 alternativas de reducci\u00f3n de la deuda v\u00eda canje y as\u00ed bajar la presi\u00f3n de estos pagos mensuales\u00bb, detall\u00f3 Vega.<\/p>\n<p>Por su parte, Patricio Maldonado, presidente de AME, ratific\u00f3 que se barajaron alternativas como el cruce de deuda, e incluso indic\u00f3 que el Presidente Daniel Noboa, ya autoriz\u00f3 el cruce de deuda de $ 400 millones con los distintos municipios. As\u00ed mismo, asegur\u00f3 que ya se inici\u00f3 la generaci\u00f3n de pagos desde el mes de octubre.<\/p>\n<p>Sin embargo, estas alternativas no convencen a todos. Esta ma\u00f1ana la v\u00eda Manab\u00ed-Guayas,\u00a0a la altura del ingreso a Colimes, del cant\u00f3n Paj\u00e1n, un grupo de trabajadores municipales obstaculizaron el paso, como se\u00f1al de protesta contra el Gobierno Nacional. Cabe resaltar que los empleados del Consejo Provincial de Manab\u00ed est\u00e1n en huelga de hambre desde hace m\u00e1s de una semana.<\/p>\n","protected":false},"excerpt":{"rendered":"<p>Quito.- El ministro de finanzas, Juan Carlos Vega, explic\u00f3 algunos de los acuerdos que se analizaron para poner al d\u00eda los pagos a los gobiernos seccionales. \u00abVamos a cruzar gran parte de la deuda que dej\u00f3 el gobierno anterior con los Gobiernos Aut\u00f3nomos Descentralizados, con lo que los Gads le deben al BEDE, ver alternativas [&hellip;]<\/p>\n","protected":false},"author":3,"featured_media":9143,"comment_status":"open","ping_status":"closed","sticky":false,"template":"","format":"standard","meta":{"_jetpack_memberships_contains_paid_content":false,"footnotes":""},"categories":[13],"tags":[1576,1575],"class_list":["post-9142","post","type-post","status-publish","format-standard","has-post-thumbnail","hentry","category-noticias-nacionales","tag-bede","tag-gads"],"jetpack_featured_media_url":"https:\/\/radiocresatelital.com\/wp-content\/uploads\/2023\/12\/vega-y-maldonado.jpeg","jetpack_sharing_enabled":true,"_links":{"self":[{"href":"https:\/\/radiocresatelital.com\/index.php?rest_route=\/wp\/v2\/posts\/9142","targetHints":{"allow":["GET"]}}],"collection":[{"href":"https:\/\/radiocresatelital.com\/index.php?rest_route=\/wp\/v2\/posts"}],"about":[{"href":"https:\/\/radiocresatelital.com\/index.php?rest_route=\/wp\/v2\/types\/post"}],"author":[{"embeddable":true,"href":"https:\/\/radiocresatelital.com\/index.php?rest_route=\/wp\/v2\/users\/3"}],"replies":[{"embeddable":true,"href":"https:\/\/radiocresatelital.com\/index.php?rest_route=%2Fwp%2Fv2%2Fcomments&post=9142"}],"version-history":[{"count":1,"href":"https:\/\/radiocresatelital.com\/index.php?rest_route=\/wp\/v2\/posts\/9142\/revisions"}],"predecessor-version":[{"id":9144,"href":"https:\/\/radiocresatelital.com\/index.php?rest_route=\/wp\/v2\/posts\/9142\/revisions\/9144"}],"wp:featuredmedia":[{"embeddable":true,"href":"https:\/\/radiocresatelital.com\/index.php?rest_route=\/wp\/v2\/media\/9143"}],"wp:attachment":[{"href":"https:\/\/radiocresatelital.com\/index.php?rest_route=%2Fwp%2Fv2%2Fmedia&parent=9142"}],"wp:term":[{"taxonomy":"category","embeddable":true,"href":"https:\/\/radiocresatelital.com\/index.php?rest_route=%2Fwp%2Fv2%2Fcategories&post=9142"},{"taxonomy":"post_tag","embeddable":true,"href":"https:\/\/radiocresatelital.com\/index.php?rest_route=%2Fwp%2Fv2%2Ftags&post=9142"}],"curies":[{"name":"wp","href":"https:\/\/api.w.org\/{rel}","templated":true}]}}