{"id":9110,"date":"2023-12-26T20:35:51","date_gmt":"2023-12-26T20:35:51","guid":{"rendered":"https:\/\/radiocresatelital.com\/?p=9110"},"modified":"2023-12-26T20:36:03","modified_gmt":"2023-12-26T20:36:03","slug":"se-socializo-proyecto-de-ordenanza-que-regula-la-instalacion-de-elementos-de-seguridad-en-la-via-publica","status":"publish","type":"post","link":"https:\/\/radiocresatelital.com\/?p=9110","title":{"rendered":"Se socializ\u00f3 proyecto de ordenanza que regula la instalaci\u00f3n de elementos de seguridad en la v\u00eda p\u00fablica"},"content":{"rendered":"<p>Guayaquil.- El Municipio de Guayaquil socializ\u00f3 el proyecto de \u201cOrdenanza que regula la ocupaci\u00f3n del espacio o v\u00eda p\u00fablica mediante la instalaci\u00f3n de elementos de seguridad en el cant\u00f3n Guayaquil\u201d. La jornada se realiz\u00f3 en el sal\u00f3n Pedro Carbo de la Biblioteca Municipal y reuni\u00f3 representantes de la ciudadan\u00eda de sectores como Kennedy, Bellavista, Samanes, Sauces, entre otros; y cont\u00f3 con las direcciones de Justicia y Vigilancia, Uso del Espacio y V\u00eda P\u00fablica, Planificaci\u00f3n Urbana, Proyectos y Ordenamiento Territorial (DUPOT), Vinculaci\u00f3n con la Comunidad, Empresa P\u00fablica Municipal para la Gesti\u00f3n de Riesgos y Control de Seguridad de Guayaquil (Segura EP) y ATM.<\/p>\n<p>En el evento se expuso el contenido de la norma, que prev\u00e9 regular la instalaci\u00f3n y la regularizaci\u00f3n de los elementos de seguridad existentes como portones de metal, cerramientos y dem\u00e1s mecanismos de protecci\u00f3n implementados por la ciudadan\u00eda.<\/p>\n<p>Este proyecto de ordenanza ser\u00e1 llevado a dos debates ante el Concejo Municipal y luego de su aprobaci\u00f3n se publicar\u00e1 en la<br \/>\ngaceta oficial y entrar\u00e1 en vigencia en 2024.<\/p>\n<p>El asesor de la Alcald\u00eda, Xavier Flores, mencion\u00f3 que es una ordenanza pensada en los ciudadanos para saber c\u00f3mo obtener el permiso para instalar elementos de seguridad en la v\u00eda p\u00fablica.<\/p>\n<p>\u201cHay una responsabilidad por parte de los ciudadanos y un gran trabajo por parte de la corporaci\u00f3n municipal para que el resultado final sea un permiso otorgado con las condiciones correctas, especificaciones t\u00e9cnicas adecuadas, que se logre garantizar el derecho a movilizarse, a la sensibilidad a los espacios como el derecho a la seguridad que tiene el ciudadano para que sean equilibrados en el marco de la ordenanza\u201d, dijo.<\/p>\n<p>El concejal Jorge Rodr\u00edguez mencion\u00f3 que, una vez aprobada la ordenanza, correr\u00e1 un plazo de 6 meses para que quienes ya tienen puertas instaladas, puedan acceder al procedimiento de regularizaci\u00f3n y obtener el permiso correspondiente para la<br \/>\ninstalaci\u00f3n o conservaci\u00f3n de estos elementos en el espacio y v\u00eda p\u00fablica.<\/p>\n<p>\u201cEs importante que se cumplan con requisitos como la accesibilidad a la entrada y la salida de personas con discapacidad, de adultos mayores, de veh\u00edculos de atenci\u00f3n de emergencia y de servicios b\u00e1sicos\u201d, explic\u00f3.<\/p>\n<p>Con la aprobaci\u00f3n de esta ordenanza, el Municipio de Guayaquil busca evitar la afectaci\u00f3n al derecho de la circulaci\u00f3n vehicular y peatonal de los residentes y respetar la conservaci\u00f3n arm\u00f3nica y existente de la planificaci\u00f3n urbana.<br \/>\nEl primer debate de esta ordenanza se realizar\u00e1 este martes 26 de diciembre de 2023, en una sesi\u00f3n extraordinaria.<\/p>\n","protected":false},"excerpt":{"rendered":"<p>Guayaquil.- El Municipio de Guayaquil socializ\u00f3 el proyecto de \u201cOrdenanza que regula la ocupaci\u00f3n del espacio o v\u00eda p\u00fablica mediante la instalaci\u00f3n de elementos de seguridad en el cant\u00f3n Guayaquil\u201d. La jornada se realiz\u00f3 en el sal\u00f3n Pedro Carbo de la Biblioteca Municipal y reuni\u00f3 representantes de la ciudadan\u00eda de sectores como Kennedy, Bellavista, Samanes, [&hellip;]<\/p>\n","protected":false},"author":2,"featured_media":9111,"comment_status":"open","ping_status":"closed","sticky":false,"template":"","format":"standard","meta":{"_jetpack_memberships_contains_paid_content":false,"footnotes":""},"categories":[33,13],"tags":[114],"class_list":["post-9110","post","type-post","status-publish","format-standard","has-post-thumbnail","hentry","category-guayaquil","category-noticias-nacionales","tag-municipio-de-guayaquil"],"jetpack_featured_media_url":"https:\/\/radiocresatelital.com\/wp-content\/uploads\/2023\/12\/22-12-2023-SOCIALIZACION-ORDENANZA-REJAS-4-scaled.jpg","jetpack_sharing_enabled":true,"_links":{"self":[{"href":"https:\/\/radiocresatelital.com\/index.php?rest_route=\/wp\/v2\/posts\/9110","targetHints":{"allow":["GET"]}}],"collection":[{"href":"https:\/\/radiocresatelital.com\/index.php?rest_route=\/wp\/v2\/posts"}],"about":[{"href":"https:\/\/radiocresatelital.com\/index.php?rest_route=\/wp\/v2\/types\/post"}],"author":[{"embeddable":true,"href":"https:\/\/radiocresatelital.com\/index.php?rest_route=\/wp\/v2\/users\/2"}],"replies":[{"embeddable":true,"href":"https:\/\/radiocresatelital.com\/index.php?rest_route=%2Fwp%2Fv2%2Fcomments&post=9110"}],"version-history":[{"count":1,"href":"https:\/\/radiocresatelital.com\/index.php?rest_route=\/wp\/v2\/posts\/9110\/revisions"}],"predecessor-version":[{"id":9112,"href":"https:\/\/radiocresatelital.com\/index.php?rest_route=\/wp\/v2\/posts\/9110\/revisions\/9112"}],"wp:featuredmedia":[{"embeddable":true,"href":"https:\/\/radiocresatelital.com\/index.php?rest_route=\/wp\/v2\/media\/9111"}],"wp:attachment":[{"href":"https:\/\/radiocresatelital.com\/index.php?rest_route=%2Fwp%2Fv2%2Fmedia&parent=9110"}],"wp:term":[{"taxonomy":"category","embeddable":true,"href":"https:\/\/radiocresatelital.com\/index.php?rest_route=%2Fwp%2Fv2%2Fcategories&post=9110"},{"taxonomy":"post_tag","embeddable":true,"href":"https:\/\/radiocresatelital.com\/index.php?rest_route=%2Fwp%2Fv2%2Ftags&post=9110"}],"curies":[{"name":"wp","href":"https:\/\/api.w.org\/{rel}","templated":true}]}}