{"id":9081,"date":"2023-12-21T18:36:33","date_gmt":"2023-12-21T18:36:33","guid":{"rendered":"https:\/\/radiocresatelital.com\/?p=9081"},"modified":"2023-12-21T18:36:45","modified_gmt":"2023-12-21T18:36:45","slug":"cuatro-proyectos-ganaron-los-retos-ambientales-guayas-y-quil-2023","status":"publish","type":"post","link":"https:\/\/radiocresatelital.com\/?p=9081","title":{"rendered":"Cuatro proyectos ganaron los Retos Ambientales Guayas y Quil 2023"},"content":{"rendered":"<p>Guayaquil.- La Direcci\u00f3n de Ambiente anunci\u00f3 a los ganadores de Retos Ambientales Guayas y Quil 2023, un reconocimiento p\u00fablico por parte del Municipio de Guayaquil a las soluciones inspiradoras para ser implementadas en el cant\u00f3n.<\/p>\n<p>El jurado calificador, integrado por la vicealcaldesa Blanca L\u00f3pez; el director de Ambiente, Adri\u00e1n Zambrano; la directora de Vinculaci\u00f3n con la Comunidad, Tatiana Coronel; el gerente general de \u00c9pico,<br \/>\nF\u00e9lix Chang; y Giovanni Ginatta, delegado de Fondagua, escuch\u00f3 las exposiciones de los finalistas en las diferentes categor\u00edas.<\/p>\n<p>Luego de la evaluaci\u00f3n se determin\u00f3 a los ganadores:<br \/>\n\u2022 Categor\u00eda Educaci\u00f3n Ambiental: proyecto Aquabus Escolar que busca el desarrollo sostenible de las comunidades del Golfo de Guayaquil.<\/p>\n<p>\u2022 Categor\u00eda Tecnolog\u00eda: APP Recubery con la implementaci\u00f3n de una aplicaci\u00f3n compatible con dispositivos m\u00f3viles, para mejorar el servicio de reciclaje.<\/p>\n<p>\u2022 Categor\u00eda Infraestructura Verde: el proyecto Insectario Happy Bug, que busca desarrollar e implementar un insectario funcional para ser controladores biol\u00f3gicos.<\/p>\n<p>\u2022 Categor\u00eda Emprendimientos Ambientales: proyecto Material Biocompuesto \u2013 Young Myco para el dise\u00f1o de paneles de aislamiento t\u00e9rmico y de sonido con materiales a base de materiales org\u00e1nicos.<\/p>\n<p>En esta edici\u00f3n fueron 14 postulantes que se registraron en seis categor\u00edas, dos de las cuales fueron declaradas desiertas.<\/p>\n<p>Aar\u00f3n Villac\u00eds, del grupo Young Myco, uno de los ganadores de la edici\u00f3n, manifest\u00f3 que se trata de iniciativas positivas. \u201cEs importante la iniciativa del Municipio y considero que deber\u00edan continuar, para que la ciudadan\u00eda se interese m\u00e1s en la protecci\u00f3n de \u00e1reas verdes y se garantice un compromiso integral en pro del cuidado ambiental\u201d.<\/p>\n","protected":false},"excerpt":{"rendered":"<p>Guayaquil.- La Direcci\u00f3n de Ambiente anunci\u00f3 a los ganadores de Retos Ambientales Guayas y Quil 2023, un reconocimiento p\u00fablico por parte del Municipio de Guayaquil a las soluciones inspiradoras para ser implementadas en el cant\u00f3n. El jurado calificador, integrado por la vicealcaldesa Blanca L\u00f3pez; el director de Ambiente, Adri\u00e1n Zambrano; la directora de Vinculaci\u00f3n con [&hellip;]<\/p>\n","protected":false},"author":2,"featured_media":9082,"comment_status":"open","ping_status":"closed","sticky":false,"template":"","format":"standard","meta":{"_jetpack_memberships_contains_paid_content":false,"footnotes":""},"categories":[33,13],"tags":[1565,114],"class_list":["post-9081","post","type-post","status-publish","format-standard","has-post-thumbnail","hentry","category-guayaquil","category-noticias-nacionales","tag-direccion-de-ambiente","tag-municipio-de-guayaquil"],"jetpack_featured_media_url":"https:\/\/radiocresatelital.com\/wp-content\/uploads\/2023\/12\/DSC_3592-scaled.jpg","jetpack_sharing_enabled":true,"_links":{"self":[{"href":"https:\/\/radiocresatelital.com\/index.php?rest_route=\/wp\/v2\/posts\/9081","targetHints":{"allow":["GET"]}}],"collection":[{"href":"https:\/\/radiocresatelital.com\/index.php?rest_route=\/wp\/v2\/posts"}],"about":[{"href":"https:\/\/radiocresatelital.com\/index.php?rest_route=\/wp\/v2\/types\/post"}],"author":[{"embeddable":true,"href":"https:\/\/radiocresatelital.com\/index.php?rest_route=\/wp\/v2\/users\/2"}],"replies":[{"embeddable":true,"href":"https:\/\/radiocresatelital.com\/index.php?rest_route=%2Fwp%2Fv2%2Fcomments&post=9081"}],"version-history":[{"count":1,"href":"https:\/\/radiocresatelital.com\/index.php?rest_route=\/wp\/v2\/posts\/9081\/revisions"}],"predecessor-version":[{"id":9083,"href":"https:\/\/radiocresatelital.com\/index.php?rest_route=\/wp\/v2\/posts\/9081\/revisions\/9083"}],"wp:featuredmedia":[{"embeddable":true,"href":"https:\/\/radiocresatelital.com\/index.php?rest_route=\/wp\/v2\/media\/9082"}],"wp:attachment":[{"href":"https:\/\/radiocresatelital.com\/index.php?rest_route=%2Fwp%2Fv2%2Fmedia&parent=9081"}],"wp:term":[{"taxonomy":"category","embeddable":true,"href":"https:\/\/radiocresatelital.com\/index.php?rest_route=%2Fwp%2Fv2%2Fcategories&post=9081"},{"taxonomy":"post_tag","embeddable":true,"href":"https:\/\/radiocresatelital.com\/index.php?rest_route=%2Fwp%2Fv2%2Ftags&post=9081"}],"curies":[{"name":"wp","href":"https:\/\/api.w.org\/{rel}","templated":true}]}}