{"id":9078,"date":"2023-12-21T18:23:13","date_gmt":"2023-12-21T18:23:13","guid":{"rendered":"https:\/\/radiocresatelital.com\/?p=9078"},"modified":"2023-12-21T18:23:13","modified_gmt":"2023-12-21T18:23:13","slug":"msp-identifico-primer-caso-de-la-variante-ba-2-86-o-pirola-en-ecuador","status":"publish","type":"post","link":"https:\/\/radiocresatelital.com\/?p=9078","title":{"rendered":"MSP identific\u00f3 primer caso de la variante BA.2.86 o Pirola en Ecuador"},"content":{"rendered":"<p>Quito.-\u00a0El Ministerio de Salud P\u00fablica identific\u00f3 la presencia de la nueva variante del SARS-CoV-2 llamada BA.2.86 (m\u00e1s conocida como Pirola), en una paciente de Quito, provincia de Pichincha.<\/p>\n<p>Este es el primer caso registrado en el pa\u00eds, luego de realizar la secuenciaci\u00f3n gen\u00e9tica, con apoyo del Instituto Nacional de Investigaci\u00f3n en Salud P\u00fablica (INSPI).<\/p>\n<p>Este virus circula en varios pa\u00edses a escala mundial y es considerada una variante de inter\u00e9s, seg\u00fan la Organizaci\u00f3n Mundial de la Salud (OMS). Sin embargo, las consecuencias mostradas no tienen mayor riesgo de transmisibilidad o agravamiento de la enfermedad en la poblaci\u00f3n.<\/p>\n<p>Ecuador es el cuarto pa\u00eds de la regi\u00f3n que ha reportado la presencia de esta variante, despu\u00e9s de Brasil, Per\u00fa y Chile.<\/p>\n<p>Al momento, el equipo de vigilancia de la Coordinaci\u00f3n Zonal 9 \u2013 Salud ejecuta el seguimiento y monitoreo epidemiol\u00f3gico respectivo a la paciente. El estado de salud es estable y recibe tratamiento ambulatorio en su domicilio.<\/p>\n<p>Esta cartera de Estado mantiene la vigilancia gen\u00f3mica activa, con el objetivo de identificar nuevas variantes gen\u00e9ticas circulantes a escala nacional, en coordinaci\u00f3n con el INSPI.<\/p>\n<p>El MSP exhorta a la poblaci\u00f3n a mantener las siguientes medidas de prevenci\u00f3n y propias de la \u00e9poca invernal:<\/p>\n<p>1. Vac\u00fanese contra la COVID-19 e Influenza.<\/p>\n<p>2. Qu\u00e9dese en casa si est\u00e1 enfermo.<\/p>\n<p>3. Use mascarilla si presenta s\u00edntomas respiratorios.<\/p>\n<p>4. Si es necesario, h\u00e1gase la prueba de COVID-19.<\/p>\n<p>5. Si presenta s\u00edntomas respiratorios, acuda al centro de salud m\u00e1s cercano a<\/p>\n<p>su domicilio.<\/p>\n<p>6. Mejore la ventilaci\u00f3n de locales y evite aglomeraciones.<\/p>\n<p>7. Realice siempre higiene de manos.<\/p>\n","protected":false},"excerpt":{"rendered":"<p>Quito.-\u00a0El Ministerio de Salud P\u00fablica identific\u00f3 la presencia de la nueva variante del SARS-CoV-2 llamada BA.2.86 (m\u00e1s conocida como Pirola), en una paciente de Quito, provincia de Pichincha. Este es el primer caso registrado en el pa\u00eds, luego de realizar la secuenciaci\u00f3n gen\u00e9tica, con apoyo del Instituto Nacional de Investigaci\u00f3n en Salud P\u00fablica (INSPI). Este [&hellip;]<\/p>\n","protected":false},"author":2,"featured_media":9079,"comment_status":"open","ping_status":"closed","sticky":false,"template":"","format":"standard","meta":{"_jetpack_memberships_contains_paid_content":false,"footnotes":""},"categories":[13],"tags":[148,1564],"class_list":["post-9078","post","type-post","status-publish","format-standard","has-post-thumbnail","hentry","category-noticias-nacionales","tag-ministerio-de-salud-publica","tag-sars-cov-2"],"jetpack_featured_media_url":"https:\/\/radiocresatelital.com\/wp-content\/uploads\/2023\/12\/Covid_GettyImages-1356237801.webp","jetpack_sharing_enabled":true,"_links":{"self":[{"href":"https:\/\/radiocresatelital.com\/index.php?rest_route=\/wp\/v2\/posts\/9078","targetHints":{"allow":["GET"]}}],"collection":[{"href":"https:\/\/radiocresatelital.com\/index.php?rest_route=\/wp\/v2\/posts"}],"about":[{"href":"https:\/\/radiocresatelital.com\/index.php?rest_route=\/wp\/v2\/types\/post"}],"author":[{"embeddable":true,"href":"https:\/\/radiocresatelital.com\/index.php?rest_route=\/wp\/v2\/users\/2"}],"replies":[{"embeddable":true,"href":"https:\/\/radiocresatelital.com\/index.php?rest_route=%2Fwp%2Fv2%2Fcomments&post=9078"}],"version-history":[{"count":1,"href":"https:\/\/radiocresatelital.com\/index.php?rest_route=\/wp\/v2\/posts\/9078\/revisions"}],"predecessor-version":[{"id":9080,"href":"https:\/\/radiocresatelital.com\/index.php?rest_route=\/wp\/v2\/posts\/9078\/revisions\/9080"}],"wp:featuredmedia":[{"embeddable":true,"href":"https:\/\/radiocresatelital.com\/index.php?rest_route=\/wp\/v2\/media\/9079"}],"wp:attachment":[{"href":"https:\/\/radiocresatelital.com\/index.php?rest_route=%2Fwp%2Fv2%2Fmedia&parent=9078"}],"wp:term":[{"taxonomy":"category","embeddable":true,"href":"https:\/\/radiocresatelital.com\/index.php?rest_route=%2Fwp%2Fv2%2Fcategories&post=9078"},{"taxonomy":"post_tag","embeddable":true,"href":"https:\/\/radiocresatelital.com\/index.php?rest_route=%2Fwp%2Fv2%2Ftags&post=9078"}],"curies":[{"name":"wp","href":"https:\/\/api.w.org\/{rel}","templated":true}]}}