{"id":9075,"date":"2023-12-20T22:01:52","date_gmt":"2023-12-20T22:01:52","guid":{"rendered":"https:\/\/radiocresatelital.com\/?p=9075"},"modified":"2023-12-20T23:02:07","modified_gmt":"2023-12-20T23:02:07","slug":"se-realizo-la-inauguracion-de-la-primera-promocion-de-lideres-juveniles-de-manabi","status":"publish","type":"post","link":"https:\/\/radiocresatelital.com\/?p=9075","title":{"rendered":"Se realiz\u00f3 la inauguraci\u00f3n de la Primera Promoci\u00f3n de \u201cL\u00edderes Juveniles\u201d de Manab\u00ed"},"content":{"rendered":"<p class=\"x_MsoNormal\"><span lang=\"ES-MX\">Manta.- El grupo de comunicaciones Estudiantes 2000 y la Escuela de Liderazgo Competencias L\u00edderes Luis Gerardo Macas Villag\u00f3mez llevaron a cabo la Inauguraci\u00f3n de la Primera Promoci\u00f3n de su Escuela en Manta, esto luego de un exhaustivo proceso de postulaci\u00f3n a trav\u00e9s de colegios, entrevistas presenciales y virtuales en las cuales participaron estudiantes de m\u00e1s de 35 establecimientos educativos particulares y fiscales de Manab\u00ed.<\/span><span lang=\"ES-MX\">\u00a0<\/span><\/p>\n<p class=\"x_MsoNormal\"><span lang=\"ES-MX\">El evento fue un d\u00eda especial para 100 l\u00edderes juveniles que lograron obtener una beca total para este programa que busca ofrecerles acceso (por liderazgo, meritocracia, competencias y capacidades) a una educaci\u00f3n disruptiva basada en 3 pilares: Competencias Blandas, Competencias Empresariales y Competencias Tecnol\u00f3gicas, mismo que tendr\u00e1 una duraci\u00f3n de 4 meses.<\/span><span lang=\"ES-MX\">\u00a0<\/span><\/p>\n<p class=\"x_MsoNormal\"><span lang=\"ES-MX\">Durante el acto de inauguraci\u00f3n el Ing. Jos\u00e9 Luis Macas, Director General y Fundador de la Escuela Latinoamericana de Liderazgo Competencias L\u00edderes, expres\u00f3 su agradecimiento a quienes se sumaron para hacer posible esta propuesta, a empresas auspiciantes como: La Fabril,\u00a0 Tadel S.A., Farmacias Santa Martha; al patrocinio a nivel nacional del Grupo Difare y la Universidad Hemisferios (que es tambi\u00e9n\u00a0<i>partner<\/i>\u00a0acad\u00e9mico); a los aliados estrat\u00e9gicos, Unidad Educativa Leonardo da Vinci (casa sede) y al gremio educativo ADINEPFI.<\/span><span lang=\"ES-MX\">\u00a0<\/span><\/p>\n<p class=\"x_MsoNormal\"><span lang=\"ES-MX\">Es importante destacar el \u00e9xito de este proyecto educativo que naci\u00f3 en Guayaquil y que cuenta con 11 promociones anteriores, lo que significa m\u00e1s de 1800 graduados.<\/span><\/p>\n","protected":false},"excerpt":{"rendered":"<p>Manta.- El grupo de comunicaciones Estudiantes 2000 y la Escuela de Liderazgo Competencias L\u00edderes Luis Gerardo Macas Villag\u00f3mez llevaron a cabo la Inauguraci\u00f3n de la Primera Promoci\u00f3n de su Escuela en Manta, esto luego de un exhaustivo proceso de postulaci\u00f3n a trav\u00e9s de colegios, entrevistas presenciales y virtuales en las cuales participaron estudiantes de m\u00e1s [&hellip;]<\/p>\n","protected":false},"author":2,"featured_media":9076,"comment_status":"open","ping_status":"closed","sticky":false,"template":"","format":"standard","meta":{"_jetpack_memberships_contains_paid_content":false,"footnotes":""},"categories":[13],"tags":[1562,1563],"class_list":["post-9075","post","type-post","status-publish","format-standard","has-post-thumbnail","hentry","category-noticias-nacionales","tag-escuela-de-liderazgo","tag-luis-gerardo-macas"],"jetpack_featured_media_url":"https:\/\/radiocresatelital.com\/wp-content\/uploads\/2023\/12\/thumbnail_FOTO-1.jpg","jetpack_sharing_enabled":true,"_links":{"self":[{"href":"https:\/\/radiocresatelital.com\/index.php?rest_route=\/wp\/v2\/posts\/9075","targetHints":{"allow":["GET"]}}],"collection":[{"href":"https:\/\/radiocresatelital.com\/index.php?rest_route=\/wp\/v2\/posts"}],"about":[{"href":"https:\/\/radiocresatelital.com\/index.php?rest_route=\/wp\/v2\/types\/post"}],"author":[{"embeddable":true,"href":"https:\/\/radiocresatelital.com\/index.php?rest_route=\/wp\/v2\/users\/2"}],"replies":[{"embeddable":true,"href":"https:\/\/radiocresatelital.com\/index.php?rest_route=%2Fwp%2Fv2%2Fcomments&post=9075"}],"version-history":[{"count":1,"href":"https:\/\/radiocresatelital.com\/index.php?rest_route=\/wp\/v2\/posts\/9075\/revisions"}],"predecessor-version":[{"id":9077,"href":"https:\/\/radiocresatelital.com\/index.php?rest_route=\/wp\/v2\/posts\/9075\/revisions\/9077"}],"wp:featuredmedia":[{"embeddable":true,"href":"https:\/\/radiocresatelital.com\/index.php?rest_route=\/wp\/v2\/media\/9076"}],"wp:attachment":[{"href":"https:\/\/radiocresatelital.com\/index.php?rest_route=%2Fwp%2Fv2%2Fmedia&parent=9075"}],"wp:term":[{"taxonomy":"category","embeddable":true,"href":"https:\/\/radiocresatelital.com\/index.php?rest_route=%2Fwp%2Fv2%2Fcategories&post=9075"},{"taxonomy":"post_tag","embeddable":true,"href":"https:\/\/radiocresatelital.com\/index.php?rest_route=%2Fwp%2Fv2%2Ftags&post=9075"}],"curies":[{"name":"wp","href":"https:\/\/api.w.org\/{rel}","templated":true}]}}